{"id":44841,"date":"2016-05-25T23:44:16","date_gmt":"2016-05-25T21:44:16","guid":{"rendered":"http:\/\/triatletasenred.com\/?p=44841"},"modified":"2016-05-26T00:28:36","modified_gmt":"2016-05-25T22:28:36","slug":"emotivo-video-de-un-debutante-en-el-ironman-70-3-barcelona","status":"publish","type":"post","link":"https:\/\/miurltemporal.com/main/triatletasenred.sport.es\/en-red\/emotivo-video-de-un-debutante-en-el-ironman-70-3-barcelona\/","title":{"rendered":"Emotivo video de un debutante popular y en el IRONMAN 70.3 Barcelona"},"content":{"rendered":"<p style=\"text-align: justify;\">Se trata de un aut\u00e9ntico desconocido en nuestro mundo pero Dani &#8220;NANI&#8221; Sobrino ha editado un particular montaje sobre su debut. Un video de poco m\u00e1s de 8 minutos que nos ha emocionado en la redacci\u00f3n por el trato y el respeto a esta prueba sin alardes. Con una bici prestada y ropas que nada tienen que ver con el postureo, este chico se marca un finisher a lo humilde&#8230;.<\/p>\n<p style=\"text-align: justify;\">Su tiempo es lo de menos, pero sin duda Dani supo disfrutar este evento y se gan\u00f3 la admiraci\u00f3n de esta modesta redacci\u00f3n.<\/p>\n<p style=\"text-align: justify;\"><strong>Compartimos<\/strong><\/p>\n<p style=\"text-align: justify;\">[embedyt] http:\/\/www.youtube.com\/watch?v=I6K3vKRTrLU[\/embedyt]<\/p>\n<p style=\"text-align: justify;\">\u00a0Puedes seguir a NINO en sus canales :<\/p>\n<p style=\"text-align: justify;\"><a class=\"vc_btn vc_btn-default vc_btn-sm vc_btn_square \" href=\"https:\/\/www.youtube.com\/channel\/UCZIflgp3O3gzJX7P6M53cAA\" rel=\"nofollow noopener\" target=\"_blank\">Youtube<\/a><\/p>\n<p style=\"text-align: justify;\"><a class=\"vc_btn vc_btn-default vc_btn-sm vc_btn_square \" href=\"https:\/\/www.instagram.com\/ninosobrino\/\" rel=\"nofollow noopener\" target=\"_blank\">Instagram <\/a><\/p>\n<figure id=\"attachment_44446\" aria-describedby=\"caption-attachment-44446\" style=\"width: 750px\" class=\"wp-caption aligncenter\"><img fetchpriority=\"high\" decoding=\"async\" class=\"size-full wp-image-44446\" src=\"https:\/\/miurltemporal.com/main/triatletasenred.sport.es\/wp-content\/uploads\/banner_pw_750x150_v1b.jpg\" alt=\"PowerBar\" width=\"750\" height=\"150\" \/><figcaption id=\"caption-attachment-44446\" class=\"wp-caption-text\">PowerBar<\/figcaption><\/figure>\n","protected":false},"excerpt":{"rendered":"<p>Se trata de un aut\u00e9ntico desconocido en nuestro mundo pero Dani &#8220;NANI&#8221; Sobrino ha editado un particular montaje sobre su debut. Un video de poco m\u00e1s de 8 minutos que nos ha emocionado en la redacci\u00f3n por el trato y el respeto a esta prueba sin alardes. Con una bici prestada y ropas que nada [&hellip;]<\/p>\n","protected":false},"author":2,"featured_media":44842,"comment_status":"closed","ping_status":"closed","sticky":false,"template":"","format":"standard","meta":{"_acf_changed":false,"rank_math_lock_modified_date":false,"footnotes":""},"categories":[16],"tags":[4679,1446,1652],"class_list":{"0":"post-44841","1":"post","2":"type-post","3":"status-publish","4":"format-standard","5":"has-post-thumbnail","7":"category-en-red","8":"tag-dani-sobrino","9":"tag-debut","10":"tag-ironman-70-3"},"acf":[],"_links":{"self":[{"href":"https:\/\/miurltemporal.com/main/triatletasenred.sport.es\/wp-json\/wp\/v2\/posts\/44841"}],"collection":[{"href":"https:\/\/miurltemporal.com/main/triatletasenred.sport.es\/wp-json\/wp\/v2\/posts"}],"about":[{"href":"https:\/\/miurltemporal.com/main/triatletasenred.sport.es\/wp-json\/wp\/v2\/types\/post"}],"author":[{"embeddable":true,"href":"https:\/\/miurltemporal.com/main/triatletasenred.sport.es\/wp-json\/wp\/v2\/users\/2"}],"replies":[{"embeddable":true,"href":"https:\/\/miurltemporal.com/main/triatletasenred.sport.es\/wp-json\/wp\/v2\/comments?post=44841"}],"version-history":[{"count":0,"href":"https:\/\/miurltemporal.com/main/triatletasenred.sport.es\/wp-json\/wp\/v2\/posts\/44841\/revisions"}],"wp:featuredmedia":[{"embeddable":true,"href":"https:\/\/miurltemporal.com/main/triatletasenred.sport.es\/wp-json\/wp\/v2\/media\/44842"}],"wp:attachment":[{"href":"https:\/\/miurltemporal.com/main/triatletasenred.sport.es\/wp-json\/wp\/v2\/media?parent=44841"}],"wp:term":[{"taxonomy":"category","embeddable":true,"href":"https:\/\/miurltemporal.com/main/triatletasenred.sport.es\/wp-json\/wp\/v2\/categories?post=44841"},{"taxonomy":"post_tag","embeddable":true,"href":"https:\/\/miurltemporal.com/main/triatletasenred.sport.es\/wp-json\/wp\/v2\/tags?post=44841"}],"curies":[{"name":"wp","href":"https:\/\/api.w.org\/{rel}","templated":true}]}}