{"id":44511,"date":"2016-05-12T23:39:13","date_gmt":"2016-05-12T21:39:13","guid":{"rendered":"http:\/\/triatletasenred.com\/?p=44511"},"modified":"2016-05-12T23:39:13","modified_gmt":"2016-05-12T21:39:13","slug":"triathlon-edf-alpe-dhuez-4","status":"publish","type":"post","link":"https:\/\/miurltemporal.com/main/triatletasenred.sport.es\/actualidad\/triathlon-edf-alpe-dhuez-4\/","title":{"rendered":"Las inscripciones del Triathlon EDF Alpe d&#8217;Huez, de r\u00e9cord"},"content":{"rendered":"<h3 style=\"text-align: justify;\">A menos de tres meses para la 11\u00ba edici\u00f3n de esta prueba de los Alpes franceses, algunas pruebas ya se est\u00e1n quedando con pocos dorsales, como es el caso del LD. La organizaci\u00f3n recomienda no esperar m\u00e1s para apuntarse a esta fiesta del triatl\u00f3n.<\/h3>\n<p style=\"text-align: justify;\">El boom que ha tenido el triatl\u00f3n a nivel mundial est\u00e1 alcanzando tambi\u00e9n\u00a0las grandes pruebas que se celebran\u00a0desde hace ya varios\u00a0a\u00f1os. Y un ejemplo de ello es el\u00a0Triathlon EDF Alpe d&#8217;Huez. Pese a que siempre ha gozado de mucha participaci\u00f3n, cada vez son m\u00e1s los triatletas franceses y sobre todo venidos de fuera que deciden apuntarse a esta gran carrera.<\/p>\n<p style=\"text-align: justify;\">Como ha confirmado la organizaci\u00f3n de la prueba a <em>Triatletas en Red<\/em>, el ritmo de inscripciones para la 11\u00ba edici\u00f3n, que tendr\u00e1 lugar entre el <strong>26 de julio y 29 de julio<\/strong>, es de r\u00e9cord. Nunca se hab\u00eda apuntado tanta gente a estas alturas, hecho que demuestra tambi\u00e9n que los triatletas cada vez planifican su calendario con m\u00e1s antelaci\u00f3n.<\/p>\n<p style=\"text-align: justify;\">Concretamente, el Triathlon de Larga Distancia (2,2km nataci\u00f3n, 115 de ciclismo y 22 de carrera a pie) es la prueba que m\u00e1s inscritos aglutina hasta el punto que ya quedan <strong>pocos dorsales libres<\/strong>. &#8220;Hemos pasado ya los 100 participantes espa\u00f1oles, lo cual est\u00e1 genial en este momento de la temporada&#8221; destacan desde la organizaci\u00f3n.<\/p>\n<p style=\"text-align: justify;\">De hecho, el mensaje que lanzan desde el Triathlon EDF Alpe d&#8217;Huez es claro: mejor no esperar mucho tiempo m\u00e1s a apuntarse porque quiz\u00e1 ya ser\u00e1 tarde. <strong>&#8220;Ahora o nunca&#8221;<\/strong> afirman.<\/p>\n<p style=\"text-align: justify;\">Adem\u00e1s, recordamos que se producir\u00e1 un <strong>cambio de precio<\/strong> en las inscripciones a finales de este mes. Concretamente, ser\u00e1 el 1 de junio cuando incrementen las tarifas de las diferentes pruebas.<\/p>\n<p style=\"text-align: justify;\"><a class=\"vc_btn vc_btn-default vc_btn-sm vc_btn_square \" href=\"http:\/\/www.alpetriathlon.com\/fr\" rel=\"nofollow noopener\" target=\"_blank\">Ap\u00fantate al Triathlon EDF Alpe d&#8217;Huez<\/a><\/p>\n<p style=\"text-align: justify;\"><span style=\"color: #ffffff;\">jhgdjkkjhgrgre<\/span><\/p>\n<p style=\"text-align: justify;\"><a href=\"http:\/\/www.alpetriathlon.com\/en\" target=\"_blank\" rel=\"nofollow noopener\"><img fetchpriority=\"high\" decoding=\"async\" class=\"aligncenter\" src=\"https:\/\/miurltemporal.com/main/triatletasenred.sport.es\/wp-content\/uploads\/11-triathlon-Alpe-Huez-600x200.gif\" alt=\"\" width=\"507\" height=\"169\" \/><\/a><\/p>\n","protected":false},"excerpt":{"rendered":"<p>A menos de tres meses para la 11\u00ba edici\u00f3n de esta prueba de los Alpes franceses, algunas pruebas ya se est\u00e1n quedando con pocos dorsales, como es el caso del LD. La organizaci\u00f3n recomienda no esperar m\u00e1s para apuntarse a esta fiesta del triatl\u00f3n. El boom que ha tenido el triatl\u00f3n a nivel mundial est\u00e1 [&hellip;]<\/p>\n","protected":false},"author":23,"featured_media":44513,"comment_status":"closed","ping_status":"closed","sticky":false,"template":"","format":"standard","meta":{"_acf_changed":false,"rank_math_lock_modified_date":false,"footnotes":""},"categories":[17],"tags":[4313],"class_list":{"0":"post-44511","1":"post","2":"type-post","3":"status-publish","4":"format-standard","5":"has-post-thumbnail","7":"category-actualidad","8":"tag-triathlon-edf-alpe-dhuez"},"acf":[],"_links":{"self":[{"href":"https:\/\/miurltemporal.com/main/triatletasenred.sport.es\/wp-json\/wp\/v2\/posts\/44511"}],"collection":[{"href":"https:\/\/miurltemporal.com/main/triatletasenred.sport.es\/wp-json\/wp\/v2\/posts"}],"about":[{"href":"https:\/\/miurltemporal.com/main/triatletasenred.sport.es\/wp-json\/wp\/v2\/types\/post"}],"author":[{"embeddable":true,"href":"https:\/\/miurltemporal.com/main/triatletasenred.sport.es\/wp-json\/wp\/v2\/users\/23"}],"replies":[{"embeddable":true,"href":"https:\/\/miurltemporal.com/main/triatletasenred.sport.es\/wp-json\/wp\/v2\/comments?post=44511"}],"version-history":[{"count":0,"href":"https:\/\/miurltemporal.com/main/triatletasenred.sport.es\/wp-json\/wp\/v2\/posts\/44511\/revisions"}],"wp:featuredmedia":[{"embeddable":true,"href":"https:\/\/miurltemporal.com/main/triatletasenred.sport.es\/wp-json\/wp\/v2\/media\/44513"}],"wp:attachment":[{"href":"https:\/\/miurltemporal.com/main/triatletasenred.sport.es\/wp-json\/wp\/v2\/media?parent=44511"}],"wp:term":[{"taxonomy":"category","embeddable":true,"href":"https:\/\/miurltemporal.com/main/triatletasenred.sport.es\/wp-json\/wp\/v2\/categories?post=44511"},{"taxonomy":"post_tag","embeddable":true,"href":"https:\/\/miurltemporal.com/main/triatletasenred.sport.es\/wp-json\/wp\/v2\/tags?post=44511"}],"curies":[{"name":"wp","href":"https:\/\/api.w.org\/{rel}","templated":true}]}}