{"id":44457,"date":"2016-05-12T23:38:35","date_gmt":"2016-05-12T21:38:35","guid":{"rendered":"http:\/\/triatletasenred.com\/?p=44457"},"modified":"2016-05-12T23:38:35","modified_gmt":"2016-05-12T21:38:35","slug":"800-triatletas-al-asalto-del-ii-half-triathlon-pamplona-iruna","status":"publish","type":"post","link":"https:\/\/miurltemporal.com/main/triatletasenred.sport.es\/actualidad\/800-triatletas-al-asalto-del-ii-half-triathlon-pamplona-iruna\/","title":{"rendered":"800 triatletas al asalto del II Half Triathlon Pamplona &#8211; Iru\u00f1a"},"content":{"rendered":"<h3 style=\"text-align: justify;\">Con r\u00e9cord de participaci\u00f3n, un cartel de triatletas \u00e9lite brillante y notables novedades y mejoras para el triatleta. Con este panorama afronta la capital navarra la segunda edici\u00f3n de la prueba el pr\u00f3ximo s\u00e1bado.<\/h3>\n<p style=\"text-align: justify;\">Se agotaron las inscripciones en apenas dos meses y la organizaci\u00f3n tuvo que crear una lista de espera. Los dorsales iban realmente buscados mientras los afortunados que ten\u00edan uno lo celebraban en redes sociales. Cualquier podr\u00eda decir que estamos hablando de una carrera veterana, con amplia trayectoria. Pero no es el caso.<\/p>\n<p style=\"text-align: justify;\">El s\u00e1bado a una hora inhabitual como son las 14h (formato que gust\u00f3 en 2015 y se mantiene) el <strong>Pantano de Alloz<\/strong> dar\u00e1 inicio a la segunda edici\u00f3n del Half Triathlon Pamplona &#8211; Iru\u00f1a, segunda prueba de la Copa de Espa\u00f1a de Triatl\u00f3n de Media Distancia dirigida con maestr\u00eda por el Triatl\u00f3n Saltoki-Trikideak y el Trikua.<\/p>\n<p style=\"text-align: justify;\">Un solo a\u00f1o de experiencia ha sido suficiente para convertir la prueba en una de las m\u00e1s destacadas. Un trialt\u00f3n de media distancia que se deja ver y que quiere convertirse en una referencia a escala nacional.<\/p>\n<p style=\"text-align: justify;\"><img fetchpriority=\"high\" decoding=\"async\" class=\"alignleft\" src=\"https:\/\/photos-2.dropbox.com\/t\/2\/AACxThzmk5e1fMHFKlFsCPOJcY076mZBQHjPutI48xZ0RQ\/12\/92807911\/jpeg\/32x32\/1\/_\/1\/2\/16052015193743.jpg\/EKvO-YIEGLsCIAcoBw\/K0C3tx-bEVgfIppQs9JdbOykOpy4IBEiG8QdsOIPzq4?size=1600x1200&amp;size_mode=3\" alt=\"\" width=\"427\" height=\"284\" \/>Pr\u00e1cticamente 2.000 metros a nado en Alloz, 90 km de ciclismo en un circuito generalmente llano aunque con alg\u00fan que otro repecho para dejar la bici en la Plaza del Castillo de Pamplona. Justamente lugar donde se encuentra la recta y el arco de meta. Pero antes, los triatletas deber\u00e1n completar un <strong>medio marat\u00f3n plagado de desniveles<\/strong>. Eso s\u00ed, pasando cual sanfermines por las calles m\u00e1s m\u00edticas que todos tenemos en la memoria: Estafeta, Mercaderes y Santo Domingo.<\/p>\n<p style=\"text-align: justify;\">La organizaci\u00f3n no se ha conformado en mantener simplemente los circuitos sino que se ha esforzado en <strong>incrementar y mejorar los servicios al triatleta<\/strong>, adem\u00e1s de ampliar otros aspectos no menos importantes, como la comunicaci\u00f3n de la prueba. De hecho, habr\u00e1 una amplia cobertura de la prueba tanto el viernes como el mismo s\u00e1bado desde sus redes sociales.<\/p>\n<p style=\"text-align: justify;\">\u201cEntendemos que si hacemos una prueba de calidad tenemos m\u00e1s opciones de que se afiance en el futuro y los participantes quieran repetir\u201d explica su director, <strong>Juan Cruz<\/strong>. As\u00ed por ejemplo, los triatletas y sus acompa\u00f1antes podr\u00e1n celebrar la post-carrera en la Sala Zentral de Pamplona, con m\u00fasica en directo y de forma gratuita.<\/p>\n<p style=\"text-align: justify;\">O, tambi\u00e9n, degustar pintxos locales en tres bares diferentes gracias al <strong>Tripintxo<\/strong>, una iniciativa que promueve la gastronom\u00eda local y permitir\u00e1 al triatleta descubrir algo m\u00e1s de la zona.<\/p>\n<p style=\"text-align: justify;\">Un Half Triathlon Pamplona &#8211; Iru\u00f1a que promete emociones fuertes y que, gracias al duro trabajo de su organizaci\u00f3n, se ha colocado de facto en el escaparate de los grandes triatlones espa\u00f1oles de media distancia. Sin duda, un motivo de celebraci\u00f3n.<\/p>\n<p style=\"text-align: justify;\"><span style=\"color: #ffffff;\">bliw\u00f1gb.sdvbe<\/span><\/p>\n<p style=\"text-align: justify;\"><img decoding=\"async\" class=\"aligncenter\" src=\"https:\/\/miurltemporal.com/main/triatletasenred.sport.es\/wp-content\/uploads\/half-pamplona.jpg\" alt=\"\" width=\"426\" height=\"156\" \/><\/p>\n","protected":false},"excerpt":{"rendered":"<p>Con r\u00e9cord de participaci\u00f3n, un cartel de triatletas \u00e9lite brillante y notables novedades y mejoras para el triatleta. Con este panorama afronta la capital navarra la segunda edici\u00f3n de la prueba el pr\u00f3ximo s\u00e1bado. Se agotaron las inscripciones en apenas dos meses y la organizaci\u00f3n tuvo que crear una lista de espera. Los dorsales iban [&hellip;]<\/p>\n","protected":false},"author":23,"featured_media":44461,"comment_status":"closed","ping_status":"closed","sticky":false,"template":"","format":"standard","meta":{"_acf_changed":false,"rank_math_lock_modified_date":false,"footnotes":""},"categories":[17],"tags":[3213],"class_list":{"0":"post-44457","1":"post","2":"type-post","3":"status-publish","4":"format-standard","5":"has-post-thumbnail","7":"category-actualidad","8":"tag-half-triathlon-pamplona-iruna"},"acf":[],"_links":{"self":[{"href":"https:\/\/miurltemporal.com/main/triatletasenred.sport.es\/wp-json\/wp\/v2\/posts\/44457"}],"collection":[{"href":"https:\/\/miurltemporal.com/main/triatletasenred.sport.es\/wp-json\/wp\/v2\/posts"}],"about":[{"href":"https:\/\/miurltemporal.com/main/triatletasenred.sport.es\/wp-json\/wp\/v2\/types\/post"}],"author":[{"embeddable":true,"href":"https:\/\/miurltemporal.com/main/triatletasenred.sport.es\/wp-json\/wp\/v2\/users\/23"}],"replies":[{"embeddable":true,"href":"https:\/\/miurltemporal.com/main/triatletasenred.sport.es\/wp-json\/wp\/v2\/comments?post=44457"}],"version-history":[{"count":0,"href":"https:\/\/miurltemporal.com/main/triatletasenred.sport.es\/wp-json\/wp\/v2\/posts\/44457\/revisions"}],"wp:featuredmedia":[{"embeddable":true,"href":"https:\/\/miurltemporal.com/main/triatletasenred.sport.es\/wp-json\/wp\/v2\/media\/44461"}],"wp:attachment":[{"href":"https:\/\/miurltemporal.com/main/triatletasenred.sport.es\/wp-json\/wp\/v2\/media?parent=44457"}],"wp:term":[{"taxonomy":"category","embeddable":true,"href":"https:\/\/miurltemporal.com/main/triatletasenred.sport.es\/wp-json\/wp\/v2\/categories?post=44457"},{"taxonomy":"post_tag","embeddable":true,"href":"https:\/\/miurltemporal.com/main/triatletasenred.sport.es\/wp-json\/wp\/v2\/tags?post=44457"}],"curies":[{"name":"wp","href":"https:\/\/api.w.org\/{rel}","templated":true}]}}