{"id":44346,"date":"2016-05-08T20:26:59","date_gmt":"2016-05-08T18:26:59","guid":{"rendered":"http:\/\/triatletasenred.com\/?p=44346"},"modified":"2016-05-08T20:26:59","modified_gmt":"2016-05-08T18:26:59","slug":"ricardo-hernandez-y-jesus-gomar-podio-en-larache","status":"publish","type":"post","link":"https:\/\/miurltemporal.com/main/triatletasenred.sport.es\/actualidad\/ricardo-hernandez-y-jesus-gomar-podio-en-larache\/","title":{"rendered":"Ricardo Hern\u00e1ndez y Jes\u00fas Gomar, podio en Larache"},"content":{"rendered":"<p style=\"text-align: justify\">Los espa\u00f1oles Ricardo Hern\u00e1nez y Jes\u00fas Gomar han completado el podio en la Copa de Africa ATU de Larache, disputada este s\u00e1bado\u00a0sobre distancia sprint. En su destacada actuaci\u00f3n han conseguido colgarse las medallas de plata y bronce y sumar importantes puntos. La victoria fue para el franc\u00e9s Raoul Shaw con un tiempo de 56:38 en carrera. Por su parte, en categor\u00eda femenina venci\u00f3\u00a0 la francesa Mathilde Gautier, mientras que Maria Ortega de Miguel, \u00fanica espa\u00f1ola en liza, acaba sexta.<\/p>\n","protected":false},"excerpt":{"rendered":"<p>Los espa\u00f1oles cuajaron una gran actuaci\u00f3n en la prueba africana.<\/p>\n","protected":false},"author":12,"featured_media":41064,"comment_status":"closed","ping_status":"closed","sticky":false,"template":"","format":"standard","meta":{"_acf_changed":false,"rank_math_lock_modified_date":false,"footnotes":""},"categories":[17,19,1191],"tags":[2219,2220,2942,24],"class_list":{"0":"post-44346","1":"post","2":"type-post","3":"status-publish","4":"format-standard","5":"has-post-thumbnail","7":"category-actualidad","8":"category-competiciones","9":"category-triatlon","10":"tag-jesus-gomar","11":"tag-larache","12":"tag-ricardo-hernandez","13":"tag-triatlon"},"acf":[],"_links":{"self":[{"href":"https:\/\/miurltemporal.com/main/triatletasenred.sport.es\/wp-json\/wp\/v2\/posts\/44346"}],"collection":[{"href":"https:\/\/miurltemporal.com/main/triatletasenred.sport.es\/wp-json\/wp\/v2\/posts"}],"about":[{"href":"https:\/\/miurltemporal.com/main/triatletasenred.sport.es\/wp-json\/wp\/v2\/types\/post"}],"author":[{"embeddable":true,"href":"https:\/\/miurltemporal.com/main/triatletasenred.sport.es\/wp-json\/wp\/v2\/users\/12"}],"replies":[{"embeddable":true,"href":"https:\/\/miurltemporal.com/main/triatletasenred.sport.es\/wp-json\/wp\/v2\/comments?post=44346"}],"version-history":[{"count":0,"href":"https:\/\/miurltemporal.com/main/triatletasenred.sport.es\/wp-json\/wp\/v2\/posts\/44346\/revisions"}],"wp:featuredmedia":[{"embeddable":true,"href":"https:\/\/miurltemporal.com/main/triatletasenred.sport.es\/wp-json\/wp\/v2\/media\/41064"}],"wp:attachment":[{"href":"https:\/\/miurltemporal.com/main/triatletasenred.sport.es\/wp-json\/wp\/v2\/media?parent=44346"}],"wp:term":[{"taxonomy":"category","embeddable":true,"href":"https:\/\/miurltemporal.com/main/triatletasenred.sport.es\/wp-json\/wp\/v2\/categories?post=44346"},{"taxonomy":"post_tag","embeddable":true,"href":"https:\/\/miurltemporal.com/main/triatletasenred.sport.es\/wp-json\/wp\/v2\/tags?post=44346"}],"curies":[{"name":"wp","href":"https:\/\/api.w.org\/{rel}","templated":true}]}}