{"id":44207,"date":"2016-05-06T00:20:14","date_gmt":"2016-05-05T22:20:14","guid":{"rendered":"http:\/\/triatletasenred.com\/?p=44207"},"modified":"2016-05-06T00:42:14","modified_gmt":"2016-05-05T22:42:14","slug":"sonia-jurnet-piedra-angular-diversport","status":"publish","type":"post","link":"https:\/\/miurltemporal.com/main/triatletasenred.sport.es\/en-red\/sonia-jurnet-piedra-angular-diversport\/","title":{"rendered":"S\u00f2nia Jurnet, la piedra angular de Diversport"},"content":{"rendered":"<h3 style=\"text-align: justify;\">Gracias a su empe\u00f1o, ilusi\u00f3n y fortaleza ha conseguido llevar un sue\u00f1o al \u00e9xito. Desde Triatletas en Red hemos querido hablar con S\u00f2nia Jurnet, alma de Diversport. Una peque\u00f1a empresa que con el tiempo se ha convertido en una de las empresas de gesti\u00f3n de eventos deportivos m\u00e1s importantes de nuestro pa\u00eds.<\/h3>\n<p>&nbsp;<\/p>\n<p><strong>Historia de Diversport<\/strong><\/p>\n<p style=\"text-align: justify;\">Diversport empez\u00f3 el 2 de mayo de 2002, a\u00f1o que acab\u00e9 la carrera de Ciencias de la Actividad F\u00edsica y el Deporte. Un s\u00e1bado por la ma\u00f1ana, mientras realizaba tareas de voluntariado en un acontecimiento deportivo, la cabeza\u00a0empez\u00f3 a dar vueltas, empezaron a salir ideas, las intent\u00e9 ordenar y llam\u00e9\u00a0a un compa\u00f1ero de carrera.\u00a0Le expliqu\u00e9 el proyecto, le dije el nombre escogido y le ped\u00ed si quer\u00eda sumarse en este viaje que empezaba. Esto\u00a0era un s\u00e1bado y el martes 2 de mayo ya nac\u00eda DIVERSPORT.<\/p>\n<p style=\"text-align: justify;\">Fue muy curioso porque creamos la empresa y nos preguntamos, <strong>\u00bfy ahora qu\u00e9 hacemos?<\/strong> Era mes de mayo, todos los proyectos estaban empezados, las actividades extraescolares ya finalizaban&#8230;. Un poco de caos. Finalmente, acabamos organizando un torneo de baloncesto y uno de f\u00fatbol durante el verano. Y nos iniciamos en el mundo de las actividades extraescolares.<\/p>\n<p style=\"text-align: justify;\">En\u00a02007 mi compa\u00f1ero fue padre y dej\u00f3 el proyecto. Yo decid\u00ed sacarlo adelante sola hasta el 2009 que por un problema personal decid\u00ed cerrar Diversport. A\u00fan as\u00ed, yo sab\u00eda que no era un adi\u00f3s\u00a0definitivo. Y as\u00ed fue. En diciembre de 2010 Jordi Casas, mi actual pareja, me dio un empuj\u00f3n y decidimos poner en marcha de nuevo el proyecto con un enfoque diferente, centrarnos al 100&#215;100 con el deporte.<\/p>\n<p style=\"text-align: justify;\">Nuestro primer acontecimiento fue el <strong>Triatl\u00f3n Ventall\u00f3<\/strong>, con web rudimentaria etc, pero fuimos 150 participantes. Y a partir de ah\u00ed seguimos creciendo creando peque\u00f1os proyectos en diferentes municipios de la zona. Una de las primeras pruebas que a d\u00eda de hoy a\u00fan organizamos y cada a\u00f1o aumenta de participantes es el Colera Xtrem, una carrera por monta\u00f1a en el Parc Natural de l&#8217;Albera.<\/p>\n<p><strong>\u00bfHasta d\u00f3nde llega Diversport?<\/strong><\/p>\n<p>Diversport ha creado 5 marcas agrupando las diferentes modalidades en las que organiza\u00a0eventos:<\/p>\n<ul>\n<li style=\"text-align: justify;\"><strong>Triatl\u00f3n<\/strong>: 100&#215;100 Half [www.100x100half.com]<\/li>\n<li style=\"text-align: justify;\"><strong>Aguas abiertas<\/strong>: Swim No Limits [www.swimnolimits.com] . Como novedad, este a\u00f1o se ha creado l&#8217;open \u00a0Copa Swim Costa Brava<\/li>\n<li style=\"text-align: justify;\"><strong>Carreras por monta\u00f1a y\u00a0asfalto<\/strong>: Runnolimits [www.runnolimits.com]. Dentro hay el proyecto Girona Trail Series.<\/li>\n<li style=\"text-align: justify;\"><strong>Volcanolimits Bike<\/strong> [www.volcanolimits.com]. Una carrera de BTT de m\u00e1s de 50km que en 2017 puede ser que se traslade tambi\u00e9n a la isla de La Palma.<\/li>\n<li style=\"text-align: justify;\"><strong>Marat\u00f3 Vies Verdes<\/strong> [www.maratonviasverdes.com]. Un proyecto nacional de maratones y medias\u00a0maratones por las antiguas v\u00edas de los ferrocarriles. El proyecto se desplaza de Girona a Madrid, Castell\u00f3 de la Plana, Tarragona, Pa\u00eds Vasco y en 2017 dar\u00e1 el salto a Mallorca.<\/li>\n<\/ul>\n<p style=\"text-align: justify;\"><strong>El papel de la mujer en la organizaci\u00f3n de eventos\u00a0<\/strong><\/p>\n<p style=\"text-align: justify;\">Hoy en d\u00eda hay<strong> pocas mujeres al frente de eventos deportivos<\/strong>.\u00a0La mayor parte de empresas del sector est\u00e1n lideradas por hombres y algunas veces todav\u00eda nos miran desde arriba. Pero poco a poco vamos teniendo nuestro lugar y cada d\u00eda es m\u00e1s f\u00e1cil ser una m\u00e1s.<\/p>\n<p style=\"text-align: justify;\"><img fetchpriority=\"high\" decoding=\"async\" class=\"alignright\" src=\"https:\/\/scontent-mad1-1.xx.fbcdn.net\/v\/t1.0-9\/12742443_10208244203320902_6011928358223009442_n.jpg?oh=10af1cd21e9772d652207df8463a8105&amp;oe=57A6B2D8\" alt=\"\" width=\"351\" height=\"263\" \/>En mi caso, mi principal tarea en un evento es:<\/p>\n<p>1. Coordinar todos los servicios previos al evento: desde servicios m\u00e9dicos, fisios, merchandising, trofeos, rrhh, gesti\u00f3n de redes sociales (actualmente gestiono unas 20), atenci\u00f3n al participante etc.<\/p>\n<p>2. Coordinar el CECOOR (centro de coordinaci\u00f3n) a la zona de meta del d\u00eda del evento, as\u00ed como tener un control de todos los trabajadores y voluntarios, del timming, atenci\u00f3n al participante etc.<\/p>\n<p style=\"text-align: justify;\"><strong>\u00bfY c\u00f3mo llegas a este trabajo?<\/strong><\/p>\n<p style=\"text-align: justify;\">Desde los 2 a\u00f1os he estado en el mundo acu\u00e1tico y a partir de los 6 me inici\u00e9 en la competici\u00f3n en el CN Figueres. A partir de los 12 empec\u00e9 a nadar competiciones de aguas abiertas, un tipo de competici\u00f3n que en aquella \u00e9poca era muy escasa y tenia poca importancia para los entrenadores. Adem\u00e1s, eran circuitos poco marcados, sin servicios en meta, sin avituallamientos&#8230; La orientaci\u00f3n era muy importante. Algo que ahora esta bastante resuelto.<\/p>\n<p style=\"text-align: justify;\">La primera prueba que realic\u00e9 fue en Portbou, donde hoy d\u00eda est\u00e1 presente la\u00a0Copa Swim Costa Brava. Pero he nadado muchas m\u00e1s:\u00a0Las Medes, Puerto de Barcelona, Copa Nadal, Puerto de Tarragona, Getaria-Zarautz entre muchas otras.<\/p>\n<p style=\"text-align: justify;\"><strong>\u00bfQu\u00e9 aspectos son m\u00e1s complicados en la organizaci\u00f3n de un evento?\u00a0<\/strong><\/p>\n<p style=\"text-align: justify;\">Uno de los aspectos m\u00e1s complicados, y que este fin de semana pasado vivimos,\u00a0es la metereologia. Una prueba es un a\u00f1o de trabajo que con un d\u00eda de mal tiempo se puede ir al traste. Una situaci\u00f3n donde tienes que mantener la cabeza fr\u00eda y pensar la mejor opci\u00f3n para la mayor parte de tus clientes.<\/p>\n<p style=\"text-align: justify;\"><img decoding=\"async\" class=\"alignleft\" src=\"http:\/\/files.tramuntanatv.com\/200071982-4322f441ca\/diversport_premis.jpg\" alt=\"\" width=\"380\" height=\"225\" \/>Pero a la hora de organizar <strong>se tienen que valorar muchos aspectos<\/strong>. Por ejemplo, decidir a que n\u00famero de participantes quieres abrir la \u00a0prueba. En nuestro caso, siempre priorizamos la calidad por encima\u00a0de la cantidad porque nos gusta poder ofrecer un trato individualizado al cliente.<\/p>\n<p style=\"text-align: justify;\">Y otro tema a controlar son los recursos humanos. Hay que tener muy buena coordinaci\u00f3n cuando trabajas.\u00a0En nuestro caso, toda la gente implicada en nuestros eventos son gente relacionada con el mundo del deporte y eso\u00a0facilita mucho la ejecuci\u00f3n del evento.<\/p>\n<p style=\"text-align: justify;\">Y obviamente tambi\u00e9n es fundamental la comunicaci\u00f3n para vender tu producto y que pueda llegar al mayor n\u00famero de deportistas. En nuestro caso trabajamos con Triatletas en Red que es una magn\u00edfica plataforma.<\/p>\n<p style=\"text-align: justify;\"><strong>El futuro de Diversport&#8230;<\/strong><\/p>\n<p style=\"text-align: justify;\">Muchas veces me he hecho esta pregunta y <strong>no lo s\u00e9 muy bien<\/strong>. Cada a\u00f1o que pasa llegamos a un hito que no me hubiera planteado nunca llegar. Siempre digo que al principio la gente nos puso a prueba, cometimos errores de los cuales aprendimos y poco a poco gente que nos criticaba antes ha vuelto a darnos su confianza y es una buena se\u00f1al. Creo que el trato individualizado y familiar que damos nos hace destacar en el mercado.<\/p>\n<p>Simplemente puedo decir que soy feliz haciendo lo que hago. Son muchas horas dedicadas pero al final el reconocimiento de nuestros clientes es\u00a0m\u00ed recompensa. Por lo tanto, toca seguir trabajando en la misma direcci\u00f3n que lo estamos haciendo.\u00bfY c\u00f3mo llegas a este trabajo?<\/p>\n<p><span style=\"color: #ffffff;\">jshdkewg<\/span><\/p>\n<p><img decoding=\"async\" class=\"aligncenter\" src=\"https:\/\/miurltemporal.com/main/triatletasenred.sport.es\/wp-content\/uploads\/BANNER-HOME_LD-COSTA-BRAVA1.jpg\" alt=\"\" width=\"362\" height=\"201\" \/><\/p>\n<p>&nbsp;<\/p>\n","protected":false},"excerpt":{"rendered":"<p>Charlamos con S\u00f2nia Jurnet, fundadora de Diversport, empresa que organiza m\u00faltiples eventos deportivos, especialmente aguas abiertas.<\/p>\n","protected":false},"author":281,"featured_media":40307,"comment_status":"closed","ping_status":"closed","sticky":false,"template":"","format":"standard","meta":{"_acf_changed":false,"rank_math_lock_modified_date":false,"footnotes":""},"categories":[16,10],"tags":[3283,4601],"class_list":{"0":"post-44207","1":"post","2":"type-post","3":"status-publish","4":"format-standard","5":"has-post-thumbnail","7":"category-en-red","8":"category-entrevistas-triatlon","9":"tag-diversport","10":"tag-sonia-jurnet"},"acf":[],"_links":{"self":[{"href":"https:\/\/miurltemporal.com/main/triatletasenred.sport.es\/wp-json\/wp\/v2\/posts\/44207"}],"collection":[{"href":"https:\/\/miurltemporal.com/main/triatletasenred.sport.es\/wp-json\/wp\/v2\/posts"}],"about":[{"href":"https:\/\/miurltemporal.com/main/triatletasenred.sport.es\/wp-json\/wp\/v2\/types\/post"}],"author":[{"embeddable":true,"href":"https:\/\/miurltemporal.com/main/triatletasenred.sport.es\/wp-json\/wp\/v2\/users\/281"}],"replies":[{"embeddable":true,"href":"https:\/\/miurltemporal.com/main/triatletasenred.sport.es\/wp-json\/wp\/v2\/comments?post=44207"}],"version-history":[{"count":0,"href":"https:\/\/miurltemporal.com/main/triatletasenred.sport.es\/wp-json\/wp\/v2\/posts\/44207\/revisions"}],"wp:featuredmedia":[{"embeddable":true,"href":"https:\/\/miurltemporal.com/main/triatletasenred.sport.es\/wp-json\/wp\/v2\/media\/40307"}],"wp:attachment":[{"href":"https:\/\/miurltemporal.com/main/triatletasenred.sport.es\/wp-json\/wp\/v2\/media?parent=44207"}],"wp:term":[{"taxonomy":"category","embeddable":true,"href":"https:\/\/miurltemporal.com/main/triatletasenred.sport.es\/wp-json\/wp\/v2\/categories?post=44207"},{"taxonomy":"post_tag","embeddable":true,"href":"https:\/\/miurltemporal.com/main/triatletasenred.sport.es\/wp-json\/wp\/v2\/tags?post=44207"}],"curies":[{"name":"wp","href":"https:\/\/api.w.org\/{rel}","templated":true}]}}