{"id":44200,"date":"2016-05-03T23:43:00","date_gmt":"2016-05-03T21:43:00","guid":{"rendered":"http:\/\/triatletasenred.com\/?p=44200"},"modified":"2016-05-11T21:15:19","modified_gmt":"2016-05-11T19:15:19","slug":"podcast-de-triatlon-6","status":"publish","type":"post","link":"https:\/\/miurltemporal.com/main/triatletasenred.sport.es\/actualidad\/podcast-de-triatlon-6\/","title":{"rendered":"Transiciones tu podcast de triatlon con el &#8220;Animal&#8221;  Ra\u00f1a, Guru Frades y Jaime Luarca"},"content":{"rendered":"<h3 style=\"text-align: justify;\">Nuevo episodio de Transiciones, tu podcast de triatl\u00f3n, \u00a0con el protagonista de la semana. Iv\u00e1n Ra\u00f1a hizo esta semana m\u00e1s grande si cabe su leyenda.\u00a0Repasamos con el gallego su trayectoria en nuestro deporte en una entrevista intimista con un Ra\u00f1a m\u00e1s sincero y cercano que nunca.<\/h3>\n<p style=\"text-align: justify;\">Tenemos\u00a0tambi\u00e9n una cita con la atleta vasca <a href=\"https:\/\/gurutzefrades.com\/\" rel=\"nofollow noopener\" target=\"_blank\">Gurutze Frades<\/a> antes del asalto al <a href=\"http:\/\/www.ironman.com\/es-es\/triathlon\/events\/emea\/ironman-70-3\/mallorca.aspx#axzz47cuTSeGr\" rel=\"nofollow noopener\" target=\"_blank\">Thomas Cook IRONMAN 70.3 Mallorca<\/a>. La de\u00a0Iurreta sigue su camino a Kona y nos cuenta en primera persona como llega a Mallorca y su calendario para conseguir la anhelada clasificaci\u00f3n para el Campeonato del Mundo IRONMAN.<\/p>\n<p style=\"text-align: justify;\">Cierra el programa otro legendario atleta popular como es <a href=\"http:\/\/www.triluarca.es\/\" rel=\"nofollow noopener\" target=\"_blank\">Jaime Men\u00e9ndez de Luarca<\/a>. El madrile\u00f1o, con 5 clasificaciones a Kona en GGEE \u00a0intentar\u00e1 batir\u00a0el pr\u00f3ximo 11 de junio el r\u00e9cord de la hora en su grupo de edad.<\/p>\n<p style=\"text-align: justify;\">Todo ello en 30 minutos de autentico triatl\u00f3n conducido por Gomar Marchena<\/p>\n<p style=\"text-align: justify;\">\u00a1\u00a1DALE AL PLAY!!<\/p>\n<p style=\"text-align: justify;\"><a class=\"vc_btn vc_btn-default vc_btn-sm vc_btn_square \" href=\"https:\/\/www.ivoox.com\/transiciones-3x02-ivan-rana-gurutze-frades-jaime-luarca-audios-mp3_rf_11392131_1.html\" rel=\"nofollow noopener\" target=\"_blank\">Transiciones EN IVOOX<\/a><\/p>\n<p style=\"text-align: justify;\"><a class=\"vc_btn vc_btn-default vc_btn-sm vc_btn_square \" href=\"https:\/\/itunes.apple.com\/es\/podcast\/transiciones-tu-podcast-semanal\/id1001105957?mt=2&#038;ign-mpt=uo%3D4\" rel=\"nofollow noopener\" target=\"_blank\">Transiciones EN ITUNES<\/a><br \/>\n<iframe id=\"audio_11392131\" style=\"border: 1px solid #EEE; box-sizing: border-box; width: 100%;\" src=\"https:\/\/www.ivoox.com\/player_ej_11392131_4_1.html?c1=ff6600\" width=\"300\" height=\"200\" frameborder=\"0\" scrolling=\"no\" allowfullscreen=\"allowfullscreen\"><\/iframe><\/p>\n<p style=\"text-align: justify;\">\n","protected":false},"excerpt":{"rendered":"<p>Nuevo episodio de tu podcast de triatl\u00f3n con el protagonista de la semana. Iv\u00e1n Ra\u00f1a que hizo m\u00e1s grande su leyenda, Gurutze Frades y Jaime M De Luarca<\/p>\n","protected":false},"author":6,"featured_media":38365,"comment_status":"closed","ping_status":"closed","sticky":false,"template":"","format":"standard","meta":{"_acf_changed":false,"rank_math_lock_modified_date":false,"footnotes":""},"categories":[17],"tags":[1042,403,4597,4628,415],"class_list":{"0":"post-44200","1":"post","2":"type-post","3":"status-publish","4":"format-standard","5":"has-post-thumbnail","7":"category-actualidad","8":"tag-gurutze-frades","9":"tag-ivan-rana","10":"tag-jaime-luarca","11":"tag-podcast-triatlon","12":"tag-transiciones"},"acf":[],"_links":{"self":[{"href":"https:\/\/miurltemporal.com/main/triatletasenred.sport.es\/wp-json\/wp\/v2\/posts\/44200"}],"collection":[{"href":"https:\/\/miurltemporal.com/main/triatletasenred.sport.es\/wp-json\/wp\/v2\/posts"}],"about":[{"href":"https:\/\/miurltemporal.com/main/triatletasenred.sport.es\/wp-json\/wp\/v2\/types\/post"}],"author":[{"embeddable":true,"href":"https:\/\/miurltemporal.com/main/triatletasenred.sport.es\/wp-json\/wp\/v2\/users\/6"}],"replies":[{"embeddable":true,"href":"https:\/\/miurltemporal.com/main/triatletasenred.sport.es\/wp-json\/wp\/v2\/comments?post=44200"}],"version-history":[{"count":0,"href":"https:\/\/miurltemporal.com/main/triatletasenred.sport.es\/wp-json\/wp\/v2\/posts\/44200\/revisions"}],"wp:featuredmedia":[{"embeddable":true,"href":"https:\/\/miurltemporal.com/main/triatletasenred.sport.es\/wp-json\/wp\/v2\/media\/38365"}],"wp:attachment":[{"href":"https:\/\/miurltemporal.com/main/triatletasenred.sport.es\/wp-json\/wp\/v2\/media?parent=44200"}],"wp:term":[{"taxonomy":"category","embeddable":true,"href":"https:\/\/miurltemporal.com/main/triatletasenred.sport.es\/wp-json\/wp\/v2\/categories?post=44200"},{"taxonomy":"post_tag","embeddable":true,"href":"https:\/\/miurltemporal.com/main/triatletasenred.sport.es\/wp-json\/wp\/v2\/tags?post=44200"}],"curies":[{"name":"wp","href":"https:\/\/api.w.org\/{rel}","templated":true}]}}