{"id":44179,"date":"2016-05-02T23:32:41","date_gmt":"2016-05-02T21:32:41","guid":{"rendered":"http:\/\/triatletasenred.com\/?p=44179"},"modified":"2016-05-02T23:32:41","modified_gmt":"2016-05-02T21:32:41","slug":"buff-4-cims-estrecha-lazos-con-importantes-patrocinadores","status":"publish","type":"post","link":"https:\/\/miurltemporal.com/main/triatletasenred.sport.es\/cicloturismo\/buff-4-cims-estrecha-lazos-con-importantes-patrocinadores\/","title":{"rendered":"Buff 4 Cims estrecha lazos con destacados patrocinadores"},"content":{"rendered":"<h3 style=\"text-align: justify;\"><b>La organizaci\u00f3n de 4 Cims ha confirmado acuerdos de patrocinio con importantes marcas relacionadas con el ciclismo y el deporte, as\u00ed como la participaci\u00f3n en la prueba de destacados nombres propios. Aqu\u00ed lo repasamos.<\/b><\/h3>\n<p style=\"text-align: justify;\">El retorno de la Buff 4 Cims a la escena cicloturista nacional sigue avanzando con paso firme. La organizaci\u00f3n de la marcha acaba de anunciar la entrada como patrocinador privado principal de la reconocida marca de equipamiento outdoor Buff,\u00a0que dar\u00e1 nombre a la prueba.<\/p>\n<p style=\"text-align: justify;\">A Buff y al Ajuntament de Bag\u00e0 se suman relevantes marcas que tambi\u00e9n han querido prestar su apoyo a la recuperaci\u00f3n de esta<strong>\u00a0cl\u00e1sica del pirineo catal\u00e1n<\/strong>, como Etixx, prestigiosa marca de nutrici\u00f3n deportiva; Compressport, especializada en prendas compresivas; Bicimarket.com, red de tiendas especializadas en ciclismo y Summatory, ense\u00f1a de equipamiento deportivo de alta calidad, que ser\u00e1 la encargara de producir los maillots de la marcha.<\/p>\n<p style=\"text-align: justify;\">A este elenco de patrocinadores se suman las recientes confirmaciones de asistencia de <strong>destacados nombres propios<\/strong> de la escena deportiva como la ultrafondista N\u00faria Picas, el ironman Marcel Zamora y los mountainbikers Joan Llordella e Ismael Ventura.<\/p>\n<p>La prueba constar\u00e1 de <strong>dos recorridos<\/strong>. Por un lado la 4 Cims, que da nombre a la marcha, consta de <strong>162 km<\/strong> y nada menos que <strong>3.600 metros de desnivel<\/strong>, mientras que la 2 Cims, versi\u00f3n m\u00e1s asequible, cuenta de <strong>110 km<\/strong> y 1.800 m de desnivel. La ruta de la 4 Cims depara un \u00faltimo y estimulante colof\u00f3n; la ascensi\u00f3n final al Coll de Pal que se har\u00e1 en modo cronoescalada emulando a los finales en alto de las grandes vueltas.<\/p>\n<p>Recordamos que la participaci\u00f3n de la prueba est\u00e1 limitada a <strong>1.500 participantes<\/strong> y que el siguiente tramo bonificado de inscripci\u00f3n finaliza el pr\u00f3xima 4 de mayo.<\/p>\n<p>Para los interesados, pod\u00e9is seguir las \u00faltimas noticias de la marcha\u00a0en los siguientes canales:<\/p>\n<p style=\"text-align: justify;\"><a class=\"vc_btn vc_btn-default vc_btn-sm vc_btn_square \" href=\"http:\/\/www.4cims.com\" rel=\"nofollow noopener\" target=\"_blank\">P\u00e1gina web de la Buff 4 Cims<\/a><\/p>\n<p style=\"text-align: justify;\"><a class=\"vc_btn vc_btn-default vc_btn-sm vc_btn_square \" href=\"https:\/\/www.facebook.com\/4cims\/\" rel=\"nofollow noopener\" target=\"_blank\">Facebook de la Buff 4 Cims<\/a><\/p>\n<p style=\"text-align: justify;\"><span style=\"color: #ffffff;\">hkugrjbhdv<\/span><\/p>\n<p style=\"text-align: justify;\"><a href=\"https:\/\/miurltemporal.com/main/triatletasenred.sport.es\/wp-content\/uploads\/700x100-compressport-oman-tri.png\"><img fetchpriority=\"high\" decoding=\"async\" class=\"aligncenter size-full wp-image-43916\" src=\"https:\/\/miurltemporal.com/main/triatletasenred.sport.es\/wp-content\/uploads\/700x100-compressport-oman-tri.png\" alt=\"700x100-compressport-oman-tri\" width=\"700\" height=\"100\" \/><\/a><\/p>\n","protected":false},"excerpt":{"rendered":"<p>La Buff 4 Cims que tendr\u00e1 lugar el pr\u00f3ximo 3 de julio sigue creciendo con nuevos patrocinadores y atletas \u00e9lite confirmados.<\/p>\n","protected":false},"author":23,"featured_media":44181,"comment_status":"closed","ping_status":"closed","sticky":false,"template":"","format":"standard","meta":{"_acf_changed":false,"rank_math_lock_modified_date":false,"footnotes":""},"categories":[2833,17],"tags":[2063],"class_list":{"0":"post-44179","1":"post","2":"type-post","3":"status-publish","4":"format-standard","5":"has-post-thumbnail","7":"category-cicloturismo","8":"category-actualidad","9":"tag-cicloturismo"},"acf":[],"_links":{"self":[{"href":"https:\/\/miurltemporal.com/main/triatletasenred.sport.es\/wp-json\/wp\/v2\/posts\/44179"}],"collection":[{"href":"https:\/\/miurltemporal.com/main/triatletasenred.sport.es\/wp-json\/wp\/v2\/posts"}],"about":[{"href":"https:\/\/miurltemporal.com/main/triatletasenred.sport.es\/wp-json\/wp\/v2\/types\/post"}],"author":[{"embeddable":true,"href":"https:\/\/miurltemporal.com/main/triatletasenred.sport.es\/wp-json\/wp\/v2\/users\/23"}],"replies":[{"embeddable":true,"href":"https:\/\/miurltemporal.com/main/triatletasenred.sport.es\/wp-json\/wp\/v2\/comments?post=44179"}],"version-history":[{"count":0,"href":"https:\/\/miurltemporal.com/main/triatletasenred.sport.es\/wp-json\/wp\/v2\/posts\/44179\/revisions"}],"wp:featuredmedia":[{"embeddable":true,"href":"https:\/\/miurltemporal.com/main/triatletasenred.sport.es\/wp-json\/wp\/v2\/media\/44181"}],"wp:attachment":[{"href":"https:\/\/miurltemporal.com/main/triatletasenred.sport.es\/wp-json\/wp\/v2\/media?parent=44179"}],"wp:term":[{"taxonomy":"category","embeddable":true,"href":"https:\/\/miurltemporal.com/main/triatletasenred.sport.es\/wp-json\/wp\/v2\/categories?post=44179"},{"taxonomy":"post_tag","embeddable":true,"href":"https:\/\/miurltemporal.com/main/triatletasenred.sport.es\/wp-json\/wp\/v2\/tags?post=44179"}],"curies":[{"name":"wp","href":"https:\/\/api.w.org\/{rel}","templated":true}]}}