{"id":44031,"date":"2016-04-26T07:35:21","date_gmt":"2016-04-26T05:35:21","guid":{"rendered":"http:\/\/triatletasenred.com\/?p=44031"},"modified":"2016-04-26T07:35:21","modified_gmt":"2016-04-26T05:35:21","slug":"victoria-de-fernando-alarza","status":"publish","type":"post","link":"https:\/\/miurltemporal.com/main/triatletasenred.sport.es\/actualidad\/victoria-de-fernando-alarza\/","title":{"rendered":"Aqu\u00ed tienes el video resumen de la victoria de Fernando Alarza en Cape Town"},"content":{"rendered":"<p>La Uni\u00f3n Internacional de Triatl\u00f3n (ITU) ha publicado en su cuenta de Youtube el v\u00eddeo-resumen con las mejores imagenes de la tercera cita\u00a0de las \u00a0Series Mundiales en Cape Town, disputadas el domingo\u00a0en la ciudad de los Sudafricana. En la carrera, como todos sab\u00e9is la victoria fue para un enorme Fernando Alarza, que consegu\u00eda su victoria superando en la carrera a pie a Brownlee y en la que Super Mario Mola fue cuarto.. Puedes leer <a href=\"https:\/\/miurltemporal.com/main/triatletasenred.sport.es\/actualidad\/fernando-alarza-se-lleva-el-titulo-en-las-series-mundiales-de-cape-town\/\" target=\"_blank\">la cr\u00f3nica que publicamos en este enlace<\/a><\/p>\n<p><a href=\"http:\/\/bhbikes.com\" rel=\"nofollow noopener\" target=\"_blank\"><img fetchpriority=\"high\" decoding=\"async\" class=\"aligncenter wp-image-39177 size-full\" src=\"https:\/\/miurltemporal.com/main/triatletasenred.sport.es\/wp-content\/uploads\/BePart.jpg\" alt=\"Bh be part\" width=\"549\" height=\"127\" srcset=\"https:\/\/miurltemporal.com/main/triatletasenred.sport.es\/wp-content\/uploads\/BePart.jpg 549w, https:\/\/miurltemporal.com/main/triatletasenred.sport.es\/wp-content\/uploads\/BePart-300x69.jpg 300w\" sizes=\"(max-width: 549px) 100vw, 549px\" \/><\/a><\/p>\n<p>&nbsp;<\/p>\n","protected":false},"excerpt":{"rendered":"<p>En la carrera, como todos sab\u00e9is la victoria fue para un enorme Fernando Alarza, que consegu\u00eda su victoria que le catapulta a Rio 2016.<\/p>\n","protected":false},"author":2,"featured_media":43972,"comment_status":"open","ping_status":"open","sticky":false,"template":"","format":"standard","meta":{"_acf_changed":false,"rank_math_lock_modified_date":false,"footnotes":""},"categories":[17],"tags":[375,4473],"class_list":{"0":"post-44031","1":"post","2":"type-post","3":"status-publish","4":"format-standard","5":"has-post-thumbnail","7":"category-actualidad","8":"tag-fernando-alarza","9":"tag-series-mundiales"},"acf":[],"_links":{"self":[{"href":"https:\/\/miurltemporal.com/main/triatletasenred.sport.es\/wp-json\/wp\/v2\/posts\/44031"}],"collection":[{"href":"https:\/\/miurltemporal.com/main/triatletasenred.sport.es\/wp-json\/wp\/v2\/posts"}],"about":[{"href":"https:\/\/miurltemporal.com/main/triatletasenred.sport.es\/wp-json\/wp\/v2\/types\/post"}],"author":[{"embeddable":true,"href":"https:\/\/miurltemporal.com/main/triatletasenred.sport.es\/wp-json\/wp\/v2\/users\/2"}],"replies":[{"embeddable":true,"href":"https:\/\/miurltemporal.com/main/triatletasenred.sport.es\/wp-json\/wp\/v2\/comments?post=44031"}],"version-history":[{"count":0,"href":"https:\/\/miurltemporal.com/main/triatletasenred.sport.es\/wp-json\/wp\/v2\/posts\/44031\/revisions"}],"wp:featuredmedia":[{"embeddable":true,"href":"https:\/\/miurltemporal.com/main/triatletasenred.sport.es\/wp-json\/wp\/v2\/media\/43972"}],"wp:attachment":[{"href":"https:\/\/miurltemporal.com/main/triatletasenred.sport.es\/wp-json\/wp\/v2\/media?parent=44031"}],"wp:term":[{"taxonomy":"category","embeddable":true,"href":"https:\/\/miurltemporal.com/main/triatletasenred.sport.es\/wp-json\/wp\/v2\/categories?post=44031"},{"taxonomy":"post_tag","embeddable":true,"href":"https:\/\/miurltemporal.com/main/triatletasenred.sport.es\/wp-json\/wp\/v2\/tags?post=44031"}],"curies":[{"name":"wp","href":"https:\/\/api.w.org\/{rel}","templated":true}]}}