{"id":43978,"date":"2016-04-25T00:02:15","date_gmt":"2016-04-24T22:02:15","guid":{"rendered":"http:\/\/triatletasenred.com\/?p=43978"},"modified":"2016-04-25T00:02:15","modified_gmt":"2016-04-24T22:02:15","slug":"ivet-farriols-y-xavi-torrades-ganan-un-ventoso-triatlo-terres-de-lebre","status":"publish","type":"post","link":"https:\/\/miurltemporal.com/main/triatletasenred.sport.es\/actualidad\/ivet-farriols-y-xavi-torrades-ganan-un-ventoso-triatlo-terres-de-lebre\/","title":{"rendered":"Ivet Farriols y Xavi Torrades ganan un ventoso Triatl\u00f3 Terres de l&#8217;Ebre"},"content":{"rendered":"<h3 style=\"text-align: justify;\">El\u00a0Triatl\u00f3 Terres de l&#8217;Ebre del domingo\u00a0proclam\u00f3\u00a0a los catalanes Ivet Farriols y (otra vez) Xavier Torrades como vencedores de la prueba y tambi\u00e9n como campeones de Catalunya de triatl\u00f3n de media distancia.\u00a0El viento quiso ser protagonista y dificult\u00f3 la carrera.<\/h3>\n<p style=\"text-align: justify;\">La VI\u00a0edici\u00f3n del Triatl\u00f3 Doble Ol\u00edmpic Terres de l&#8217;Ebre promet\u00eda emociones fuertes, con la novedad de acoger este a\u00f1o el Campeonato de Catalunya de Media Distancia. Y a grandes rasgos\u00a0tres fueron \u00a0los protagonistas de la prueba: Ivet Farriols, que gan\u00f3 con autoridad en categor\u00eda femenina; Xavi Torrades, que se alz\u00f3 con la victoria en Sant Carles de la R\u00e0pita por&#8230; sexta vez; y el viento, que condicion\u00f3 a los participantes sobre todo en el sector ciclista.<\/p>\n<p style=\"text-align: justify;\"><img decoding=\"async\" class=\"alignleft\" src=\"https:\/\/scontent-mxp1-1.xx.fbcdn.net\/hphotos-xpl1\/v\/t1.0-9\/13091931_1098353166889862_7688923761145921269_n.jpg?oh=6db6f8ed59c21029614324c9a9157371&amp;oe=57A9013C\" alt=\"\" width=\"168\" height=\"252\" \/>Y es que lo de <strong>Xavi Torrades<\/strong> merece quedar registrado en los libros de historia del triatl\u00f3n. Muy pocos triatletas son capaces de vencer 6 a\u00f1os consecutivos en una misma prueba (y m\u00e1s de media distancia). <strong>6 victorias en 6 ediciones<\/strong>. Es lo que ha conseguido el manresano, que ayer realiz\u00f3 una gran carrera \u00a0y se llev\u00f3 un sexto t\u00edtulo sufrido y luchado. Empez\u00f3 bien, saliendo segundo del agua junto a Albert Reig, con casi cuatro\u00a0minutos de diferencia respecto los perseguidores.<\/p>\n<p style=\"text-align: justify;\">Pero el tramo ciclista se encarg\u00f3 de mover la carrera, con unas condiciones dif\u00edciles a las que supo adaptarse muy bien <strong>Aimar Agirresarobe<\/strong>. El vasco mostr\u00f3 sus buenas habilidades ciclistas\u00a0y firmando el mejor parcial sobre la bici de entre todos los participantes logr\u00f3 superar a Torrades y llegar primero a la T2. As\u00ed pues, la lucha estaba m\u00e1s que servida en los 20 kil\u00f3metros de la carrera a pie, que sin duda no defraudaron.<\/p>\n<p style=\"text-align: justify;\">Torrades puso un ritmo a pie demoledor que le permiti\u00f3 superar a Aimar y llevarse la victoria en 4h 17&#8217;36. Dos minutos despu\u00e9s llegar\u00eda Aimar, que declar\u00f3 haber sufrido\u00a0problemas de est\u00f3mago en la \u00faltima vuelta, y complet\u00f3 el podio Jordi Matos en 4h 32&#8217;01.<\/p>\n<p style=\"text-align: justify;\"><img fetchpriority=\"high\" decoding=\"async\" class=\"alignright\" src=\"https:\/\/scontent-mxp1-1.xx.fbcdn.net\/hphotos-xft1\/v\/t1.0-9\/13061918_1098088116916367_4059647874208950831_n.jpg?oh=f5fa2e252494ac0af0a15d556bbb7fc0&amp;oe=57AF5A32\" alt=\"\" width=\"379\" height=\"213\" \/>Algo menos de disputa hubo en categor\u00eda femenina, donde <strong>Ivet Farriols<\/strong> se mostr\u00f3 superior a sus rivales desde el primer sector.\u00a0La catalana ya le sacaba un minuto de ventaja a la principal perseguidora al salir del agua, una ventaja que ir\u00eda aumentando con el paso de los kil\u00f3metros. Una carrera muy regular que le vali\u00f3 la victoria con un tiempo de 5h 03&#8217;29.<\/p>\n<p style=\"text-align: justify;\">Por detr\u00e1s, la campeona en 2015 <strong>Ester Hern\u00e1ndez<\/strong> firm\u00f3 una carrera de menos a m\u00e1s para acabar segunda a 11 minutos de Ivet. Complet\u00f3 el podio la argentina Ver\u00f3nica Andrea Aveni, que tambi\u00e9n repite podio ya que fue segunda el a\u00f1o pasado.<\/p>\n<p style=\"text-align: justify;\">Pese a la distancia y las duras condiciones de viento ya comentadas, que provocaron que la organizaci\u00f3n eliminara los tiempos de corte, un total de 339 triatletas consiguieron terminar el Triatl\u00f3 Terres de l&#8217;Ebre. Y entre ellos, Montserrat Clavero, <strong>una veterana deportista<\/strong> de 63 a\u00f1os que batall\u00f3 contra el viento para terminar la prueba en 7h 40&#8242;. Una valiente.<\/p>\n<p style=\"text-align: justify;\">&#8220;Estamos satisfechos de la carrera y del trabajo realizado durante todo este tiempo. L\u00e1stima por el viento, que ha obligado a abandonar a varios triatletas. Pero es algo incontrolable&#8221; coment\u00f3 el director de carrera, <strong>Javi Padrosa<\/strong>.<\/p>\n<p style=\"text-align: justify;\"><a  class=\"vc_btn vc_btn-red vc_btn-sm vc_btn_square \" href=\"#\">Resultados oficiales del Triatl\u00f3 Terres de l&#8217;Ebre 2016<\/a><\/p>\n<p style=\"text-align: justify;\"><span style=\"color: #ffffff;\">jfjfjjg<\/span><\/p>\n<p style=\"text-align: justify;\"><a href=\"http:\/\/www.triatloterresdelebre.cat\/es\/33-2\/\" target=\"_blank\" rel=\"nofollow noopener\"><img decoding=\"async\" class=\"aligncenter\" src=\"https:\/\/miurltemporal.com/main/triatletasenred.sport.es\/wp-content\/uploads\/terres-ebre-300x105.jpg\" alt=\"\" width=\"446\" height=\"156\" \/><\/a><\/p>\n","protected":false},"excerpt":{"rendered":"<p>El\u00a0Triatl\u00f3 Terres de l&#8217;Ebre del domingo\u00a0proclam\u00f3\u00a0a los catalanes Ivet Farriols y (otra vez) Xavier Torrades como vencedores de la prueba y tambi\u00e9n como campeones de Catalunya de triatl\u00f3n de media distancia.\u00a0El viento quiso ser protagonista y dificult\u00f3 la carrera. La VI\u00a0edici\u00f3n del Triatl\u00f3 Doble Ol\u00edmpic Terres de l&#8217;Ebre promet\u00eda emociones fuertes, con la novedad de [&hellip;]<\/p>\n","protected":false},"author":23,"featured_media":43981,"comment_status":"open","ping_status":"open","sticky":false,"template":"","format":"standard","meta":{"_acf_changed":false,"rank_math_lock_modified_date":false,"footnotes":""},"categories":[17],"tags":[924,3767,24,2015],"class_list":{"0":"post-43978","1":"post","2":"type-post","3":"status-publish","4":"format-standard","5":"has-post-thumbnail","7":"category-actualidad","8":"tag-ivet-farriols","9":"tag-triatlo-terres-de-lebre","10":"tag-triatlon","11":"tag-xavier-torrades"},"acf":[],"_links":{"self":[{"href":"https:\/\/miurltemporal.com/main/triatletasenred.sport.es\/wp-json\/wp\/v2\/posts\/43978"}],"collection":[{"href":"https:\/\/miurltemporal.com/main/triatletasenred.sport.es\/wp-json\/wp\/v2\/posts"}],"about":[{"href":"https:\/\/miurltemporal.com/main/triatletasenred.sport.es\/wp-json\/wp\/v2\/types\/post"}],"author":[{"embeddable":true,"href":"https:\/\/miurltemporal.com/main/triatletasenred.sport.es\/wp-json\/wp\/v2\/users\/23"}],"replies":[{"embeddable":true,"href":"https:\/\/miurltemporal.com/main/triatletasenred.sport.es\/wp-json\/wp\/v2\/comments?post=43978"}],"version-history":[{"count":0,"href":"https:\/\/miurltemporal.com/main/triatletasenred.sport.es\/wp-json\/wp\/v2\/posts\/43978\/revisions"}],"wp:featuredmedia":[{"embeddable":true,"href":"https:\/\/miurltemporal.com/main/triatletasenred.sport.es\/wp-json\/wp\/v2\/media\/43981"}],"wp:attachment":[{"href":"https:\/\/miurltemporal.com/main/triatletasenred.sport.es\/wp-json\/wp\/v2\/media?parent=43978"}],"wp:term":[{"taxonomy":"category","embeddable":true,"href":"https:\/\/miurltemporal.com/main/triatletasenred.sport.es\/wp-json\/wp\/v2\/categories?post=43978"},{"taxonomy":"post_tag","embeddable":true,"href":"https:\/\/miurltemporal.com/main/triatletasenred.sport.es\/wp-json\/wp\/v2\/tags?post=43978"}],"curies":[{"name":"wp","href":"https:\/\/api.w.org\/{rel}","templated":true}]}}