{"id":43920,"date":"2016-04-20T18:23:18","date_gmt":"2016-04-20T16:23:18","guid":{"rendered":"http:\/\/triatletasenred.com\/?p=43920"},"modified":"2016-04-25T12:07:19","modified_gmt":"2016-04-25T10:07:19","slug":"javi-gomez-noya-renuncia-al-mundial","status":"publish","type":"post","link":"https:\/\/miurltemporal.com/main/triatletasenred.sport.es\/actualidad\/javi-gomez-noya-renuncia-al-mundial\/","title":{"rendered":"Javi G\u00f3mez Noya renuncia al Mundial"},"content":{"rendered":"<p style=\"text-align: justify;\">Javi G\u00f3mez Noya no revalidar\u00e1 el t\u00edtulo de campe\u00f3n de las Series Mundiales en 2016. El triatleta gallego renuncia a competir por el triunfo final y centrar\u00e1 su preparaci\u00f3n en buscar la medalla de oro en los Juegos Ol\u00edmpicos de R\u00edo de Janeiro. As\u00ed lo ha confirmado <a href=\"http:\/\/www.crtvg.es\/informativos\/gomez-noya-renuncia-ao-mundial-de-2016\" target=\"_blank\" rel=\"nofollow noopener\">su entrenador a la Televisi\u00f3n de Galicia<\/a>.\u00a0&#8220;<em>Este a\u00f1o Javi no va a disputar el Mundial, se centrar\u00e1 en los Juegos. La primera prueba de las Series Mundiales que dispute probablemente sea la de Leeds, en el mes de junio<\/em>&#8221; afirmaba Carlos Prieto, que desde 2013 trabaja codo con codo con el cinco veces campe\u00f3n del mundo.<\/p>\n<p style=\"text-align: justify;\">El objetivo de esta renuncia es buscar una \u00f3ptima forma en agosto, fecha de los Juegos. Antes de Leeds, G\u00f3mez Noya disputar\u00e1 una prueba en Francia y competir\u00e1 en el Campeonato de Europa de Triatl\u00f3n, que se celebra en Lisboa. Ser\u00e1 una prueba para probarse de cara a R\u00edo. Carlos Prieto confirm\u00f3 las molestias de Javi a inicio de pretemporada, pero tambi\u00e9n aclar\u00f3 que ahora ya se encuentra en perfectas condiciones.<\/p>\n<p style=\"text-align: justify;\">El entrenador del campe\u00f3n del mundo afirm\u00f3 que los principales rivales ser\u00e1n los brit\u00e1nicos Jonathan y Alistair Brownlee, y el espa\u00f1ol Mario Mola.<\/p>\n<p>&nbsp;<\/p>\n<p>&nbsp;<\/p>\n","protected":false},"excerpt":{"rendered":"<p>El entrenador del triatleta gallego confirm\u00f3 en Televisi\u00f3n de Galicia que su objetivo est\u00e1 puesto en R\u00edo.<\/p>\n","protected":false},"author":12,"featured_media":39973,"comment_status":"open","ping_status":"open","sticky":false,"template":"","format":"standard","meta":{"_acf_changed":false,"rank_math_lock_modified_date":false,"footnotes":""},"categories":[17,19,2033,1191],"tags":[930,819,4473,24],"class_list":{"0":"post-43920","1":"post","2":"type-post","3":"status-publish","4":"format-standard","5":"has-post-thumbnail","7":"category-actualidad","8":"category-competiciones","9":"category-sport","10":"category-triatlon","11":"tag-itu","12":"tag-javier-gomez-noya","13":"tag-series-mundiales","14":"tag-triatlon"},"acf":[],"_links":{"self":[{"href":"https:\/\/miurltemporal.com/main/triatletasenred.sport.es\/wp-json\/wp\/v2\/posts\/43920"}],"collection":[{"href":"https:\/\/miurltemporal.com/main/triatletasenred.sport.es\/wp-json\/wp\/v2\/posts"}],"about":[{"href":"https:\/\/miurltemporal.com/main/triatletasenred.sport.es\/wp-json\/wp\/v2\/types\/post"}],"author":[{"embeddable":true,"href":"https:\/\/miurltemporal.com/main/triatletasenred.sport.es\/wp-json\/wp\/v2\/users\/12"}],"replies":[{"embeddable":true,"href":"https:\/\/miurltemporal.com/main/triatletasenred.sport.es\/wp-json\/wp\/v2\/comments?post=43920"}],"version-history":[{"count":0,"href":"https:\/\/miurltemporal.com/main/triatletasenred.sport.es\/wp-json\/wp\/v2\/posts\/43920\/revisions"}],"wp:featuredmedia":[{"embeddable":true,"href":"https:\/\/miurltemporal.com/main/triatletasenred.sport.es\/wp-json\/wp\/v2\/media\/39973"}],"wp:attachment":[{"href":"https:\/\/miurltemporal.com/main/triatletasenred.sport.es\/wp-json\/wp\/v2\/media?parent=43920"}],"wp:term":[{"taxonomy":"category","embeddable":true,"href":"https:\/\/miurltemporal.com/main/triatletasenred.sport.es\/wp-json\/wp\/v2\/categories?post=43920"},{"taxonomy":"post_tag","embeddable":true,"href":"https:\/\/miurltemporal.com/main/triatletasenred.sport.es\/wp-json\/wp\/v2\/tags?post=43920"}],"curies":[{"name":"wp","href":"https:\/\/api.w.org\/{rel}","templated":true}]}}