{"id":43806,"date":"2016-04-15T09:37:51","date_gmt":"2016-04-15T07:37:51","guid":{"rendered":"http:\/\/triatletasenred.com\/?p=43806"},"modified":"2016-04-15T09:37:51","modified_gmt":"2016-04-15T07:37:51","slug":"100-half-lametlla-de-mar","status":"publish","type":"post","link":"https:\/\/miurltemporal.com/main/triatletasenred.sport.es\/actualidad\/100-half-lametlla-de-mar\/","title":{"rendered":"El domingo llega el 100% Half l&#8217;Ametlla de Mar"},"content":{"rendered":"<h3 style=\"text-align: justify;\">Despu\u00e9s de una larga pretemporada, de duatlones y de modificar una y otra vez\u00a0\u00a0calendarios \u00a1por fin la tenemos aqu\u00ed! Por fin empezamos temporada de Triatlones.\u00a0Tenemos ganas\u00a0de ponernos a prueba, de ver nuestra evoluci\u00f3n, de saber si el largo invierno de entrenamiento ha sido productivo, y este domingo lo haremos en el 100% Half de l&#8217;Ametlla de Mar.<\/h3>\n<p style=\"text-align: justify;\">Una prueba de media distancia que\u00a0se centra entre <strong>Cala Pixavaques<\/strong> y el paseo mar\u00edtimo de l\u2019Ametlla de Mar.\u00a0El tramo swim se localiza en la Cala Pixavaques y cuenta con una distancia de 1.900 mts.<\/p>\n<p style=\"text-align: justify;\">Una vez finalizada la nataci\u00f3n, los corredores alcanzar\u00e1n sus bicis y realizar\u00e1n un recorrido de 90k con curvas y desniveles pronunciados. Este\u00a0tramo \u00a0finaliza en el paseo mar\u00edtimo, desde donde saldr\u00e1 el circuito run, un recorrido circular que compartir\u00e1 el paseo mar\u00edtimo y diferentes lugares del municipio, con una distancia total de 21k.<\/p>\n<p style=\"text-align: justify;\"><img fetchpriority=\"high\" decoding=\"async\" class=\"alignleft\" src=\"http:\/\/rayoteam.com\/rayoteam\/wp-content\/uploads\/2015\/04\/swim.jpg\" alt=\"\" width=\"346\" height=\"260\" \/>A partir del s\u00e1bado 16 de abril, l&#8217;Ametlla de Mar empezar\u00e1 a dar la bienvenida a los participantes, que tendr\u00e1n entrega de dorsales, briefing de la prueba, y check-in Boxes. Y el <strong>domingo a las 9h<\/strong> de la ma\u00f1ana se dar\u00e1 la salida de la prueba y \u00a0a las 13h se espera que llegue el primer participante a meta.<\/p>\n<p style=\"text-align: justify;\">Habr\u00e1 la opci\u00f3n de competir en <strong>dos modalidades<\/strong>, en individual y por relevos. Esta \u00faltima cada vez se da menos en los triatlones y es algo que desde 100% HALF quieren potenciar. Y es que es la opci\u00f3n perfecta para quien quiera iniciarse en el triatl\u00f3n ya que lo podr\u00e1 hacer con un amigo o familiar y evitar\u00e1 verse solo ante lo que supone iniciarse ante tres segmentos con tantos km por delante. O para qui\u00e9n tenga alguna lesi\u00f3n que podr\u00e1 competir en el resto de segmentos\u00a0y buscarse a un aliado para aquel que no pueda realizar. O simplemente, para compartir con alguien especial el realizar una prueba de resistencia, que cuesta tanto sacrificio y conseguir cruzar la meta juntos.<\/p>\n<p style=\"text-align: justify;\"><strong>100% HALF lucha contra el drafting<\/strong>. Por ese motivo, sus pruebas no superan los 250 participantes. Esa es su esencia; el poder cuidar al participante, el mimarlo en cada segmento\u00a0con salidas separadas entre hombres y mujeres, con circuitos de bike en los que el drafting se puede controlar sin problemas, en avituallamientos m\u00e1s que generosos en el run y con una llegada a meta que te pone los pelos de punta; en la que escuchas tu nombre en medio de los aplausos del \u00a0p\u00fablico, te cuelgan una medalla finisher \u00a0y seguro que recibes un abrazo por parte de los organizadores.<\/p>\n<p style=\"text-align: justify;\">Ya que si algo tienen 100% HALF es que<strong> viven en primera persona el triatl\u00f3n<\/strong>, viven tanto o m\u00e1s que el participante el esfuerzo que supone la prueba, por eso cuidan hasta el \u00faltimo detalle; por eso quien compite en 100% HALF repite sin dudarlo una y otra vez.<\/p>\n<p style=\"text-align: justify;\">Este fin de semana dan el pistoletazo de salida a\u00a0la temporada de triatl\u00f3n con el Half l&#8217;Ametlla de Mar. Una temporada\u00a0que quieren estar a nuestro lado y por eso contamos con un amplio y variado calendario hasta finales de octubre. \u00a1No os lo perd\u00e1is!<\/p>\n<p style=\"text-align: justify;\">Y ahora si que damos por\u00a0inaugurada la temporada de triatl\u00f3n. \u00a1A disfrutarla 100%!!!!<\/p>\n<p><img decoding=\"async\" class=\"aligncenter\" src=\"https:\/\/miurltemporal.com/main/triatletasenred.sport.es\/wp-content\/uploads\/BANNER-HOME_AMETLLA-MAR.jpg\" alt=\"\" width=\"347\" height=\"193\" \/><\/p>\n","protected":false},"excerpt":{"rendered":"<p>Despu\u00e9s de una larga pretemporada, de duatlones y de modificar una y otra vez\u00a0\u00a0calendarios \u00a1por fin la tenemos aqu\u00ed! Por fin empezamos temporada de Triatlones.\u00a0Tenemos ganas\u00a0de ponernos a prueba, de ver nuestra evoluci\u00f3n, de saber si el largo invierno de entrenamiento ha sido productivo, y este domingo lo haremos en el 100% Half de l&#8217;Ametlla [&hellip;]<\/p>\n","protected":false},"author":281,"featured_media":43809,"comment_status":"open","ping_status":"open","sticky":false,"template":"","format":"standard","meta":{"_acf_changed":false,"rank_math_lock_modified_date":false,"footnotes":""},"categories":[17],"tags":[3283,24],"class_list":{"0":"post-43806","1":"post","2":"type-post","3":"status-publish","4":"format-standard","5":"has-post-thumbnail","7":"category-actualidad","8":"tag-diversport","9":"tag-triatlon"},"acf":[],"_links":{"self":[{"href":"https:\/\/miurltemporal.com/main/triatletasenred.sport.es\/wp-json\/wp\/v2\/posts\/43806"}],"collection":[{"href":"https:\/\/miurltemporal.com/main/triatletasenred.sport.es\/wp-json\/wp\/v2\/posts"}],"about":[{"href":"https:\/\/miurltemporal.com/main/triatletasenred.sport.es\/wp-json\/wp\/v2\/types\/post"}],"author":[{"embeddable":true,"href":"https:\/\/miurltemporal.com/main/triatletasenred.sport.es\/wp-json\/wp\/v2\/users\/281"}],"replies":[{"embeddable":true,"href":"https:\/\/miurltemporal.com/main/triatletasenred.sport.es\/wp-json\/wp\/v2\/comments?post=43806"}],"version-history":[{"count":0,"href":"https:\/\/miurltemporal.com/main/triatletasenred.sport.es\/wp-json\/wp\/v2\/posts\/43806\/revisions"}],"wp:featuredmedia":[{"embeddable":true,"href":"https:\/\/miurltemporal.com/main/triatletasenred.sport.es\/wp-json\/wp\/v2\/media\/43809"}],"wp:attachment":[{"href":"https:\/\/miurltemporal.com/main/triatletasenred.sport.es\/wp-json\/wp\/v2\/media?parent=43806"}],"wp:term":[{"taxonomy":"category","embeddable":true,"href":"https:\/\/miurltemporal.com/main/triatletasenred.sport.es\/wp-json\/wp\/v2\/categories?post=43806"},{"taxonomy":"post_tag","embeddable":true,"href":"https:\/\/miurltemporal.com/main/triatletasenred.sport.es\/wp-json\/wp\/v2\/tags?post=43806"}],"curies":[{"name":"wp","href":"https:\/\/api.w.org\/{rel}","templated":true}]}}