{"id":43709,"date":"2023-06-27T08:42:46","date_gmt":"2023-06-27T06:42:46","guid":{"rendered":"http:\/\/triatletasenred.com\/?p=43709"},"modified":"2023-06-27T13:00:15","modified_gmt":"2023-06-27T11:00:15","slug":"motivos-de-multa-a-ciclistas","status":"publish","type":"post","link":"https:\/\/miurltemporal.com/main/triatletasenred.sport.es\/en-red\/motivos-de-multa-a-ciclistas\/","title":{"rendered":"Los 10 motivos de multa a ciclistas m\u00e1s comunes en Espa\u00f1a"},"content":{"rendered":"<h3 style=\"text-align: justify;\">No est\u00e1 de menos conocer cu\u00e1les son los motivos de multa a ciclistas en Espa\u00f1a para tomar un poco de conciencia y actuar con responsabilidad.\u00a0Somos los primeros que reivindicamos el respeto al ciclista y buscamos la complicidad del resto de usuarios de la v\u00eda p\u00fablica.<\/h3>\n<p><a href=\"https:\/\/www.dtswiss.com\/es\" rel=\"nofollow noopener\" target=\"_blank\"><img fetchpriority=\"high\" decoding=\"async\" class=\"alignnone size-full wp-image-82918\" src=\"https:\/\/miurltemporal.com/main/triatletasenred.sport.es\/wp-content\/uploads\/banner-dt-swiss-post.jpg\" alt=\"\" width=\"700\" height=\"150\" srcset=\"https:\/\/miurltemporal.com/main/triatletasenred.sport.es\/wp-content\/uploads\/banner-dt-swiss-post.jpg 700w, https:\/\/miurltemporal.com/main/triatletasenred.sport.es\/wp-content\/uploads\/banner-dt-swiss-post-300x64.jpg 300w, https:\/\/miurltemporal.com/main/triatletasenred.sport.es\/wp-content\/uploads\/banner-dt-swiss-post-696x150.jpg 696w\" sizes=\"(max-width: 700px) 100vw, 700px\" \/><\/a><\/p>\n<ol>\n<li><strong>Circular por las aceras o espacios reservados a peatones<\/strong> : En ocasiones por desconocimiento, en otras por el miedo de algunos\/as a compartir espacio con los veh\u00edculos a motor u otras causas pero lo cierto es que\u00a0las aceras son, generalmente, espacios reservados \u00fanica y exclusivamente a los peatones. Esta\u00a0multa a ciclistas oscila entre los <strong>60 y los 10.000\u20ac<\/strong><\/li>\n<li><strong>Obviar una se\u00f1al vertical<\/strong>: Un stop, un ceda el paso, etc es otra de las multa a ciclistas recurrent<img decoding=\"async\" class=\"alignright\" title=\"multa a ciclistas\" src=\"http:\/\/www.diariovasco.com\/prensa\/noticias\/201205\/27\/fotos\/16040327.jpg\" alt=\"\" width=\"219\" height=\"189\" \/>e con sanciones que oscilan entre los <strong>150 y los 500 euros<\/strong><\/li>\n<li><strong>No usar debidamente el casco<\/strong> : debidamente homologado cuando circulen por v\u00edas interurbanas, al igual que sus pasajeros (ni\u00f1os menores de siete a\u00f1os que viajen sentados en una silla igualmente homologada). Incumplir esta exigencia supone una falta sancionable con 200 euros.<\/li>\n<li><strong>Ausencia de elementos lum\u00ednicos y reflectantes.<\/strong> Los ciclistas deber\u00e1n llevar sus bicicletas correctamente iluminadas si circulan por la noche, durante el ocaso y la salida del sol, en v\u00edas urbanas e interurbanas insuficientemente iluminadas o por pasos inferiores o t\u00faneles.\u00a0No circular con las luces correspondientes puede acarrear el pago de una multa de 80 euros, y hacerlo sin el chaleco reflectante correspondiente, con una sanci\u00f3n de 200 euros.<\/li>\n<li><strong>Circular con auriculares<\/strong> : Es otra frecuente\u00a0multa a ciclistas \u00a0y que adem\u00e1s, como la anterior, pone en serio peligro la seguridad del ciclista y del resto de usuarios. <strong>Sanci\u00f3n de 190\u20ac.<\/strong><\/li>\n<li><strong>Circular en bicicleta utilizando el tel\u00e9fono m\u00f3vil<\/strong> ya sea con o sin auriculares. El incumplimiento de esta norma conlleva el pago de una multa de 200 euros<\/li>\n<li><strong>Realizar maniobras imprudentes sobre la bicicleta.\u00a0<\/strong> Ir sin manos, caballitos y otras maniobras que pueden afectar la seguridad son castigados con multas de hasta 500\u20ac seg\u00fan los baremos de peligrosidad<\/li>\n<li><strong>Superar la tasa permitida de alcohol en sangre<\/strong>: El almuerzo del domingo se puede ir de las manos. Lo mejor es dejar la bici y dar un largo paseo o coger el transporte p\u00fablico. Pedalear con las facultades afectadas por el alcohol es un delito castigado con 500\u20ac<\/li>\n<li><strong>Circular por espacios naturales protegidos y\/o acotados :\u00a0<\/strong>Las multas oscilan entre los 3.000 y 8.000 euros en el caso de invadir espacios naturales protegidos y entre 3.000 y 30.000 euros en el caso de originar molestias para la actividad de los cazadores. Sin duda un punto algo pol\u00e9mico si el motivo es \u00e9ste \u00faltimo.<\/li>\n<li><strong>No se\u00f1alizar las\u00a0maniobras<\/strong> para as\u00ed hacerlas constar con suficiente antelaci\u00f3n al resto de ocupantes de la v\u00eda.<\/li>\n<\/ol>\n<p><iframe title=\"CHALLENGE ROTH 2023 | LOS MEJORES MOMENTOS\" width=\"696\" height=\"392\" src=\"https:\/\/www.youtube.com\/embed\/Tc4MQfH_a60?feature=oembed\" frameborder=\"0\" allow=\"accelerometer; autoplay; clipboard-write; encrypted-media; gyroscope; picture-in-picture; web-share\" allowfullscreen><\/iframe><\/p>\n<hr \/>\n","protected":false},"excerpt":{"rendered":"<p>Motivos de multa a ciclistas m\u00e1s recurrentes en nuestro pa\u00eds. Una invitaci\u00f3n a la reflexi\u00f3n para evitar multas pero sobretodo por cuidar nuestra seguridad<\/p>\n","protected":false},"author":2,"featured_media":70622,"comment_status":"closed","ping_status":"closed","sticky":false,"template":"","format":"standard","meta":{"_acf_changed":false,"rank_math_lock_modified_date":false,"footnotes":""},"categories":[17,16,2033],"tags":[4543,2403,4484,4485,24],"class_list":{"0":"post-43709","1":"post","2":"type-post","3":"status-publish","4":"format-standard","5":"has-post-thumbnail","7":"category-actualidad","8":"category-en-red","9":"category-sport","10":"tag-multa-a-ciclistas","11":"tag-normativa","12":"tag-respeto-al-ciclista","13":"tag-seguridad-vial","14":"tag-triatlon"},"acf":[],"_links":{"self":[{"href":"https:\/\/miurltemporal.com/main/triatletasenred.sport.es\/wp-json\/wp\/v2\/posts\/43709"}],"collection":[{"href":"https:\/\/miurltemporal.com/main/triatletasenred.sport.es\/wp-json\/wp\/v2\/posts"}],"about":[{"href":"https:\/\/miurltemporal.com/main/triatletasenred.sport.es\/wp-json\/wp\/v2\/types\/post"}],"author":[{"embeddable":true,"href":"https:\/\/miurltemporal.com/main/triatletasenred.sport.es\/wp-json\/wp\/v2\/users\/2"}],"replies":[{"embeddable":true,"href":"https:\/\/miurltemporal.com/main/triatletasenred.sport.es\/wp-json\/wp\/v2\/comments?post=43709"}],"version-history":[{"count":4,"href":"https:\/\/miurltemporal.com/main/triatletasenred.sport.es\/wp-json\/wp\/v2\/posts\/43709\/revisions"}],"predecessor-version":[{"id":83692,"href":"https:\/\/miurltemporal.com/main/triatletasenred.sport.es\/wp-json\/wp\/v2\/posts\/43709\/revisions\/83692"}],"wp:featuredmedia":[{"embeddable":true,"href":"https:\/\/miurltemporal.com/main/triatletasenred.sport.es\/wp-json\/wp\/v2\/media\/70622"}],"wp:attachment":[{"href":"https:\/\/miurltemporal.com/main/triatletasenred.sport.es\/wp-json\/wp\/v2\/media?parent=43709"}],"wp:term":[{"taxonomy":"category","embeddable":true,"href":"https:\/\/miurltemporal.com/main/triatletasenred.sport.es\/wp-json\/wp\/v2\/categories?post=43709"},{"taxonomy":"post_tag","embeddable":true,"href":"https:\/\/miurltemporal.com/main/triatletasenred.sport.es\/wp-json\/wp\/v2\/tags?post=43709"}],"curies":[{"name":"wp","href":"https:\/\/api.w.org\/{rel}","templated":true}]}}