{"id":43669,"date":"2016-04-11T23:49:32","date_gmt":"2016-04-11T21:49:32","guid":{"rendered":"http:\/\/triatletasenred.com\/?p=43669"},"modified":"2016-04-12T16:32:22","modified_gmt":"2016-04-12T14:32:22","slug":"volumen-e-intensidad-aprende-a-encontrar-el-equilibrio","status":"publish","type":"post","link":"https:\/\/miurltemporal.com/main/triatletasenred.sport.es\/en-red\/volumen-e-intensidad-aprende-a-encontrar-el-equilibrio\/","title":{"rendered":"Volumen e intensidad: Aprende a encontrar el equilibrio"},"content":{"rendered":"<h3 style=\"text-align: justify;\">Una de las grandes dudas que nos asalta a la hora de planificar nuestros entrenamientos es c\u00f3mo cuantificar las cargas de las sesiones y c\u00f3mo distribuirlas. Asaltamos esas dudas de la mano de \u00c1ngel Luis S\u00e1nchez.<\/h3>\n<p style=\"text-align: justify;\">Todos hemos o\u00eddo hablar del volumen y de la intensidad pero \u00bfqu\u00e9 nos indica realmente cada una de estas variables? y lo que es m\u00e1s importante a\u00fan, \u00bfc\u00f3mo las aplicamos en nuestro entrenamiento diario?<\/p>\n<p style=\"text-align: justify;\">Tradicionalmente, se sol\u00eda pensar que a m\u00e1s volumen de entrenamiento, mayores beneficios para el deportista. Sin embargo, las nuevas tendencias de la planificaci\u00f3n deportiva nos ofrecen <strong>nuevos modelos de entrenamiento<\/strong> donde la intensidad toma cada vez una mayor importancia dentro de la periodizaci\u00f3n de nuestras sesiones.<\/p>\n<p style=\"text-align: justify;\">Las evidencias cient\u00edficas apoyan la teor\u00eda de que <strong>el volumen de entrenamiento debe aumentarse de forma progresiva<\/strong> conforme evoluciona el nivel del deportista. Sin embargo, una vez alcanzado un determinado nivel, no seremos capaces de incrementar nuestro rendimiento por seguir aumentando el volumen. Llegado este punto, abordaremos el entrenamiento a trav\u00e9s de la intensidad.<\/p>\n<p style=\"text-align: justify;\">Para seguir una correcta progresi\u00f3n, dividiremos nuestra planificaci\u00f3n en <strong>dos grandes bloques<\/strong>: una primera fase que denominaremos <i>de preparaci\u00f3n <\/i>o\u00a0 <i>inicial<\/i> y una segunda en la que obtendremos nuestro ansiado \u201cpico de forma\u201d.<\/p>\n<p style=\"text-align: justify;\"><img fetchpriority=\"high\" decoding=\"async\" class=\"alignleft size-medium wp-image-43296\" src=\"https:\/\/miurltemporal.com/main/triatletasenred.sport.es\/wp-content\/uploads\/eric-besora-300x278.jpg\" alt=\"eric besora\" width=\"300\" height=\"278\" srcset=\"https:\/\/miurltemporal.com/main/triatletasenred.sport.es\/wp-content\/uploads\/eric-besora-300x278.jpg 300w, https:\/\/miurltemporal.com/main/triatletasenred.sport.es\/wp-content\/uploads\/eric-besora-700x650.jpg 700w, https:\/\/miurltemporal.com/main/triatletasenred.sport.es\/wp-content\/uploads\/eric-besora-1024x950.jpg 1024w, https:\/\/miurltemporal.com/main/triatletasenred.sport.es\/wp-content\/uploads\/eric-besora.jpg 1278w\" sizes=\"(max-width: 300px) 100vw, 300px\" \/>Durante la <strong>primera fase o fase preparatoria<\/strong>, buscaremos desarrollar de manera general nuestras capacidades f\u00edsicas b\u00e1sicas (fuerza, velocidad, resistencia y flexibilidad). Para conseguir este objetivo, otorgaremos una mayor importancia al volumen de entrenamiento, para as\u00ed preparar al cuerpo de forma general para futuros est\u00edmulos m\u00e1s exigentes que nos acercar\u00e1n al pico de forma. Este volumen debe ser <strong>progresivo y adaptado<\/strong> a nuestras capacidades, de menos a m\u00e1s y respetando siempre los periodos de descanso convenientes para no exigir al cuerpo m\u00e1s de lo que est\u00e1 preparado para asumir.<\/p>\n<p style=\"text-align: justify;\">Tras finalizar esta primera fase preparatoria, nos centraremos en la <strong>segunda fase<\/strong>, en la que disminuiremos el volumen total de nuestras sesiones y donde la intensidad cobrar\u00e1 un mayor protagonismo, con el objetivo de prepararnos para desarrollar los ritmos que buscaremos en competici\u00f3n. Esto supondr\u00e1 desarrollar nuestros <strong>entrenamientos a ritmos m\u00e1s altos<\/strong>, realizar series intensas, as\u00ed como disminuir cada vez m\u00e1s los descansos entre cargas, etc. (siempre teniendo en cuenta el descanso como parte del entrenamiento).<\/p>\n<p style=\"text-align: justify;\">Finalmente y tras llevar a cabo esta estrategia, realizaremos lo que se conoce como <strong>tapering<\/strong>, o lo que es lo mismo, una reducci\u00f3n del volumen e intensidad de los entrenamientos los d\u00edas previos a una competici\u00f3n, que nos permitir\u00e1 llegar descansados y en las mejores condiciones a ese d\u00eda marcado en rojo en el calendario.<\/p>\n<p style=\"text-align: justify;\">Tras haber analizado las diferentes magnitudes de la carga, podemos concluir afirmando que tanto el volumen como la intensidad, distribuidos de forma correcta, nos permitir\u00e1n llegar a nuestra competici\u00f3n en las condiciones \u00f3ptimas. Si somos atletas con un nivel \u00f3ptimo de entrenamiento, no ser\u00e1 necesario realizar la primera fase de volumen. Sin embargo, si no poseemos un alto nivel de forma, esta fase nos permitir\u00e1 asentar las bases sobre las que trabajaremos m\u00e1s adelante.<\/p>\n<p style=\"text-align: justify;\">En este \u00faltimo caso, ser\u00e1 fundamental <strong>comenzar la\u00a0preparaci\u00f3n sin prisas<\/strong>, para as\u00ed evitar lesiones e ir progresando poco a poco, respetando los principios de la periodizaci\u00f3n.<\/p>\n<p style=\"text-align: justify;\"><a href=\"https:\/\/miurltemporal.com/main/triatletasenred.sport.es\/wp-content\/uploads\/2XU.jpg\"><img decoding=\"async\" class=\"aligncenter wp-image-35702\" src=\"https:\/\/miurltemporal.com/main/triatletasenred.sport.es\/wp-content\/uploads\/2XU.jpg\" alt=\"2XU\" width=\"300\" height=\"174\" srcset=\"https:\/\/miurltemporal.com/main/triatletasenred.sport.es\/wp-content\/uploads\/2XU.jpg 800w, https:\/\/miurltemporal.com/main/triatletasenred.sport.es\/wp-content\/uploads\/2XU-700x407.jpg 700w, https:\/\/miurltemporal.com/main/triatletasenred.sport.es\/wp-content\/uploads\/2XU-300x174.jpg 300w\" sizes=\"(max-width: 300px) 100vw, 300px\" \/><\/a><\/p>\n","protected":false},"excerpt":{"rendered":"<p>Una de las grandes dudas que nos asalta a la hora de planificar nuestros entrenamientos es c\u00f3mo cuantificar las cargas de las sesiones y c\u00f3mo distribuirlas. Asaltamos esas dudas de la mano de \u00c1ngel Luis S\u00e1nchez. Todos hemos o\u00eddo hablar del volumen y de la intensidad pero \u00bfqu\u00e9 nos indica realmente cada una de estas [&hellip;]<\/p>\n","protected":false},"author":284,"featured_media":42188,"comment_status":"open","ping_status":"open","sticky":false,"template":"","format":"standard","meta":{"_acf_changed":false,"rank_math_lock_modified_date":false,"footnotes":""},"categories":[16],"tags":[146,4541,923,24,4540],"class_list":{"0":"post-43669","1":"post","2":"type-post","3":"status-publish","4":"format-standard","5":"has-post-thumbnail","7":"category-en-red","8":"tag-entrenamiento","9":"tag-intensidad","10":"tag-triathlon","11":"tag-triatlon","12":"tag-volumen"},"acf":[],"_links":{"self":[{"href":"https:\/\/miurltemporal.com/main/triatletasenred.sport.es\/wp-json\/wp\/v2\/posts\/43669"}],"collection":[{"href":"https:\/\/miurltemporal.com/main/triatletasenred.sport.es\/wp-json\/wp\/v2\/posts"}],"about":[{"href":"https:\/\/miurltemporal.com/main/triatletasenred.sport.es\/wp-json\/wp\/v2\/types\/post"}],"author":[{"embeddable":true,"href":"https:\/\/miurltemporal.com/main/triatletasenred.sport.es\/wp-json\/wp\/v2\/users\/284"}],"replies":[{"embeddable":true,"href":"https:\/\/miurltemporal.com/main/triatletasenred.sport.es\/wp-json\/wp\/v2\/comments?post=43669"}],"version-history":[{"count":0,"href":"https:\/\/miurltemporal.com/main/triatletasenred.sport.es\/wp-json\/wp\/v2\/posts\/43669\/revisions"}],"wp:featuredmedia":[{"embeddable":true,"href":"https:\/\/miurltemporal.com/main/triatletasenred.sport.es\/wp-json\/wp\/v2\/media\/42188"}],"wp:attachment":[{"href":"https:\/\/miurltemporal.com/main/triatletasenred.sport.es\/wp-json\/wp\/v2\/media?parent=43669"}],"wp:term":[{"taxonomy":"category","embeddable":true,"href":"https:\/\/miurltemporal.com/main/triatletasenred.sport.es\/wp-json\/wp\/v2\/categories?post=43669"},{"taxonomy":"post_tag","embeddable":true,"href":"https:\/\/miurltemporal.com/main/triatletasenred.sport.es\/wp-json\/wp\/v2\/tags?post=43669"}],"curies":[{"name":"wp","href":"https:\/\/api.w.org\/{rel}","templated":true}]}}