{"id":43654,"date":"2016-04-11T13:07:54","date_gmt":"2016-04-11T11:07:54","guid":{"rendered":"http:\/\/triatletasenred.com\/?p=43654"},"modified":"2016-04-11T13:07:54","modified_gmt":"2016-04-11T11:07:54","slug":"mario-mola-el-que-avisa-no-es-traidor","status":"publish","type":"post","link":"https:\/\/miurltemporal.com/main/triatletasenred.sport.es\/en-red\/mario-mola-el-que-avisa-no-es-traidor\/","title":{"rendered":"Mario Mola, el que avisa no es traidor"},"content":{"rendered":"<p style=\"text-align: justify;\">A la sombra de Javier G\u00f3mez Noya, Mario Mola ha realizado una progresi\u00f3n de libro. Perfecta. Casi parece que echa a prop\u00f3sito. Como buscando el a\u00f1o perfecto para asaltar un trono que en la \u00faltima d\u00e9cada ha estado copado por <strong>triatletas de otra galaxia<\/strong>. El duelo entre\u00a0una leyenda del triatl\u00f3n en toda regla como Noya y los hermanos Brownlee, tipos hechos a medida para la corta distancia, ha monopolizado portadas carrera tras carrera. De hecho, ellos tienen gran parte de culpa del ascenso del triatl\u00f3n a nivel nacional y mundial.<\/p>\n<p style=\"text-align: justify;\">Noya y Brownlee&#8217;s eclipsaron cualquier otro triatleta que pudiera brillar. Hasta que un espigado triatleta de Palma de Mallorca decidi\u00f3 <strong>saltar a la arena sin pedir permiso<\/strong>. Y nadie puede recriminarle que no avisara previamente. Y si no, he aqu\u00ed \u00a0estad\u00edsticas que hablan por s\u00ed solas:<\/p>\n<p style=\"text-align: justify;\"><strong><span style=\"text-decoration: underline;\">2010<\/span><\/strong><\/p>\n<p style=\"text-align: justify;\">Posici\u00f3n general WTS: 51\u00ba &#8211; 632 puntos<\/p>\n<p style=\"text-align: justify;\">El primer a\u00f1o en que Mario se deja ver a nivel internacional. Ya <strong>roza el <em>Top 50<\/em><\/strong>\u00a0en un a\u00f1o donde el t\u00edtulo se lo lleva Noya con 3.789 puntos e Iv\u00e1n Ra\u00f1a termina el 27\u00ba.<\/p>\n<p style=\"text-align: justify;\"><strong><span style=\"text-decoration: underline;\"><a href=\"https:\/\/miurltemporal.com/main/triatletasenred.sport.es\/wp-content\/uploads\/mola-2011.jpg\"><img fetchpriority=\"high\" decoding=\"async\" class=\"wp-image-43662 alignright\" src=\"https:\/\/miurltemporal.com/main/triatletasenred.sport.es\/wp-content\/uploads\/mola-2011.jpg\" alt=\"mola 2011\" width=\"346\" height=\"246\" srcset=\"https:\/\/miurltemporal.com/main/triatletasenred.sport.es\/wp-content\/uploads\/mola-2011.jpg 640w, https:\/\/miurltemporal.com/main/triatletasenred.sport.es\/wp-content\/uploads\/mola-2011-300x214.jpg 300w\" sizes=\"(max-width: 346px) 100vw, 346px\" \/><\/a>2011<\/span><\/strong><\/p>\n<p style=\"text-align: justify;\">Posici\u00f3n general WTS: 33\u00ba &#8211; 834 puntos<\/p>\n<p style=\"text-align: justify;\">El mallorqu\u00edn <strong>escala 18 puestos<\/strong> respecto el a\u00f1o anterior. Iv\u00e1n Ra\u00f1a es 22\u00ba de la general. Empieza el gran enfrentamiento entre Noya y los Brownlee, on el espa\u00f1ol tercero, Jonathan segundo y Alistair campe\u00f3n.<\/p>\n<p style=\"text-align: justify;\"><strong><span style=\"text-decoration: underline;\">2012<\/span><\/strong><\/p>\n<p style=\"text-align: justify;\">Posici\u00f3n general WTS: 20\u00ba &#8211; 1.852\u00a0puntos<\/p>\n<p style=\"text-align: justify;\">Primera temporada realmente s\u00f3lida de Mola, que entra en el <em>Top 20<\/em>. Destacan su cuarta posici\u00f3n en las WTS de San Diego y su novena en las de Madrid. Consigue <strong>1.000 puntos m\u00e1s que el a\u00f1o anterior<\/strong> y adelanta en la general a Ra\u00f1a, que es 33\u00ba. Noya queda segundo por detr\u00e1s de Jonathan, que hace un a\u00f1o espectacular rozando los 5.000 puntos.<\/p>\n<p style=\"text-align: justify;\"><strong><span style=\"text-decoration: underline;\">2013<\/span><\/strong><\/p>\n<p style=\"text-align: justify;\">Posici\u00f3n general WTS: 3\u00ba &#8211; 3.726\u00a0puntos<\/p>\n<p style=\"text-align: justify;\"><strong>Mola rompe todos los esquemas<\/strong>. El mallorqu\u00edn decide unirse a la particular batalla\u00a0que libran un gallego y dos brit\u00e1nicos y no solo eso, sino que demuestra tener nivel para luchar de t\u00fa a t\u00fa contra ellos. Acaba tercero por delante de Alistair, con Noya primero. Un a\u00f1o tremendamente regular ya que termina dentro del <em>Top 10<\/em> en las 6 Series Mundiales en que compite, destacando dos segundos puestos en Auckland y Kitzb\u00fchel.<\/p>\n<p style=\"text-align: justify;\"><strong><span style=\"text-decoration: underline;\">2014<\/span><\/strong><\/p>\n<p style=\"text-align: justify;\">Posici\u00f3n general WTS: 2\u00ba &#8211; 4.601 puntos<\/p>\n<p style=\"text-align: justify;\"><strong>A\u00f1o del destape definitivo<\/strong>. Mola empieza el 2014 venciendo en dos Copas del Mundo consecutivas, Mooloolaba y New Plymouth, un augurio de lo que vendr\u00eda despu\u00e9s. Y es que es el a\u00f1o en que llega <strong>su primera victoria en unas Series Mundiales<\/strong>, concretamente en Londres y al sprint, gan\u00e1ndole la partida a Richard Murray. En 2014 se produce un cambio entre los aficionados: verle ganar en Londres y quedar segundo en Yokohama y Edmonton ya no extra\u00f1a a nadie. Se le ve como un triatleta de mucha categor\u00eda y muy poderoso en la carrera a pie. Por cierto, Mola queda justo delante de los hermanos Brownlee y por detr\u00e1s de Noya, que gana el t\u00edtulo con 4.860 puntos.<\/p>\n<p><a href=\"https:\/\/miurltemporal.com/main/triatletasenred.sport.es\/wp-content\/uploads\/Mola-noya.jpg\"><img decoding=\"async\" class=\"wp-image-43663 alignright\" src=\"https:\/\/miurltemporal.com/main/triatletasenred.sport.es\/wp-content\/uploads\/Mola-noya-1024x682.jpg\" alt=\"Generated by IJG JPEG Library\" width=\"359\" height=\"239\" srcset=\"https:\/\/miurltemporal.com/main/triatletasenred.sport.es\/wp-content\/uploads\/Mola-noya.jpg 1024w, https:\/\/miurltemporal.com/main/triatletasenred.sport.es\/wp-content\/uploads\/Mola-noya-700x466.jpg 700w, https:\/\/miurltemporal.com/main/triatletasenred.sport.es\/wp-content\/uploads\/Mola-noya-300x200.jpg 300w\" sizes=\"(max-width: 359px) 100vw, 359px\" \/><\/a><\/p>\n<p style=\"text-align: justify;\"><strong><span style=\"text-decoration: underline;\">2015<\/span><\/strong><\/p>\n<p style=\"text-align: justify;\">Posici\u00f3n general WTS: 2\u00ba &#8211; 4.794\u00a0puntos<\/p>\n<p style=\"text-align: justify;\"><strong>REGULARIDAD<\/strong>. Parece que es el adjetivo que m\u00e1s se le ajusta al balear, que carrera a tras carrera demuestra su mejora en los tres sectores y una madurez necesaria para alzarse con el t\u00edtulo. Mola empieza el a\u00f1o venciendo en las WTS de Abu Dhabi y lo cerrar\u00e1 tambi\u00e9n con victoria, en la Gran Final de Chicago. Y por medio, dos resultados (15\u00ba en Auckland y 14\u00ba en Londres) que le alejan del t\u00edtulo. Noya conquista su quinto t\u00edtulo mundial con 4.930 puntos y Mola queda por delante de V. Luis y R. Murray, con un magn\u00edfico Fernando Alarza quinto.<\/p>\n<p style=\"text-align: justify;\"><strong><span style=\"text-decoration: underline;\">2016<\/span><\/strong><\/p>\n<p style=\"text-align: justify;\">De momento, 2 de 2 en Series Mundiales (Abu Dhabi y Gold Coast) y la sensaci\u00f3n que <strong>su autoestima est\u00e1 por las nubes<\/strong>, algo que le beneficia en su rendimiento. Sus pretemporadas a las \u00f3rdenes de Joel Filliol parecen tener muy buen resultado. De momento, suma 1.600 puntos por 1.373 de Fernando Alarza y 1.097 de Ryan Bailie. Parece dif\u00edcil que alguien le pueda plantar cara ahora mismo, a la espera del debut de G\u00f3mez Noya, que est\u00e1 realizando un inicio de temporada at\u00edpico debido a la incidencia que tiene la preparaci\u00f3n para los Juegos de R\u00edo.<\/p>\n<p style=\"text-align: justify;\"><strong>\u00bfVeremos a Mario Mola en lo m\u00e1s alto del podio? Las estad\u00edsticas no enga\u00f1an.<\/strong><\/p>\n<p style=\"text-align: justify;\"><span style=\"color: #ffffff;\">jdjf<\/span><\/p>\n<p style=\"text-align: justify;\"><img decoding=\"async\" class=\"aligncenter\" src=\"https:\/\/miurltemporal.com/main/triatletasenred.sport.es\/wp-content\/uploads\/AOG-2016-AOG-TRI-330x120-25022016.gif\" alt=\"\" width=\"459\" height=\"167\" \/><\/p>\n","protected":false},"excerpt":{"rendered":"<p>Lidera la general de las Series Mundiales y de momento se ha mostrado intratable. Las estad\u00edsticas demuestran que este puede ser el a\u00f1o del primer t\u00edtulo.<\/p>\n","protected":false},"author":23,"featured_media":43666,"comment_status":"open","ping_status":"open","sticky":false,"template":"","format":"standard","meta":{"_acf_changed":false,"rank_math_lock_modified_date":false,"footnotes":""},"categories":[16],"tags":[4399,893,4473,923,24,4523],"class_list":{"0":"post-43654","1":"post","2":"type-post","3":"status-publish","4":"format-standard","5":"has-post-thumbnail","7":"category-en-red","8":"tag-gomez-noya","9":"tag-mario-mola","10":"tag-series-mundiales","11":"tag-triathlon","12":"tag-triatlon","13":"tag-wts"},"acf":[],"_links":{"self":[{"href":"https:\/\/miurltemporal.com/main/triatletasenred.sport.es\/wp-json\/wp\/v2\/posts\/43654"}],"collection":[{"href":"https:\/\/miurltemporal.com/main/triatletasenred.sport.es\/wp-json\/wp\/v2\/posts"}],"about":[{"href":"https:\/\/miurltemporal.com/main/triatletasenred.sport.es\/wp-json\/wp\/v2\/types\/post"}],"author":[{"embeddable":true,"href":"https:\/\/miurltemporal.com/main/triatletasenred.sport.es\/wp-json\/wp\/v2\/users\/23"}],"replies":[{"embeddable":true,"href":"https:\/\/miurltemporal.com/main/triatletasenred.sport.es\/wp-json\/wp\/v2\/comments?post=43654"}],"version-history":[{"count":0,"href":"https:\/\/miurltemporal.com/main/triatletasenred.sport.es\/wp-json\/wp\/v2\/posts\/43654\/revisions"}],"wp:featuredmedia":[{"embeddable":true,"href":"https:\/\/miurltemporal.com/main/triatletasenred.sport.es\/wp-json\/wp\/v2\/media\/43666"}],"wp:attachment":[{"href":"https:\/\/miurltemporal.com/main/triatletasenred.sport.es\/wp-json\/wp\/v2\/media?parent=43654"}],"wp:term":[{"taxonomy":"category","embeddable":true,"href":"https:\/\/miurltemporal.com/main/triatletasenred.sport.es\/wp-json\/wp\/v2\/categories?post=43654"},{"taxonomy":"post_tag","embeddable":true,"href":"https:\/\/miurltemporal.com/main/triatletasenred.sport.es\/wp-json\/wp\/v2\/tags?post=43654"}],"curies":[{"name":"wp","href":"https:\/\/api.w.org\/{rel}","templated":true}]}}