{"id":43434,"date":"2016-04-04T09:00:39","date_gmt":"2016-04-04T07:00:39","guid":{"rendered":"http:\/\/triatletasenred.com\/?p=43434"},"modified":"2016-04-04T09:00:39","modified_gmt":"2016-04-04T07:00:39","slug":"david-castro-tercero-en-la-copa-de-europa-de-quareira","status":"publish","type":"post","link":"https:\/\/miurltemporal.com/main/triatletasenred.sport.es\/actualidad\/david-castro-tercero-en-la-copa-de-europa-de-quareira\/","title":{"rendered":"David Castro, tercero en la Copa de Europa ETU de Quarteira"},"content":{"rendered":"<p style=\"text-align: justify;\">Un a\u00f1o m\u00e1s, la localidad portuguesa de Quarteira ha recibido a un nutrido grupo de triatletas espa\u00f1oles. El m\u00e1s destacado, el subcampe\u00f3n del mundo de triatl\u00f3n sub23, David Castro. El rodense lograba una magn\u00edfica tercera posici\u00f3n en la Copa de Europa ETU de Quarteira tras completar el recorrido en 1:50:27. Castro solo era superado por el franc\u00e9s Aurelien Raphael y el portugu\u00e9s Pedro Palma. Por su parte, <strong>Antonio Serrat<\/strong> ha acabado octavo y <strong>Ricardo Hern\u00e1ndez<\/strong> ha cerrado el <em>Top 10<\/em>, mientras que Alberto Casti\u00f1eira ha finalizado en el puesto 17.<\/p>\n<p style=\"text-align: justify;\">En categor\u00eda femenina, la mejor espa\u00f1ola ha sido <strong>Sara P\u00e9rez<\/strong>, que ha acabado en la posici\u00f3n 14. La victoria ha sido para la brit\u00e1nica Jessica Learmonth, acompa\u00f1ada en el podio de su compatriota Lucy Hall y de la francesa Leonie Periault.<\/p>\n","protected":false},"excerpt":{"rendered":"<p>El triatleta rodense David Castro ha sido el mejor de los espa\u00f1oles en carrera.<\/p>\n","protected":false},"author":12,"featured_media":38492,"comment_status":"open","ping_status":"open","sticky":false,"template":"","format":"standard","meta":{"_acf_changed":false,"rank_math_lock_modified_date":false,"footnotes":""},"categories":[17,19,1191],"tags":[1966,4499,24],"class_list":{"0":"post-43434","1":"post","2":"type-post","3":"status-publish","4":"format-standard","5":"has-post-thumbnail","7":"category-actualidad","8":"category-competiciones","9":"category-triatlon","10":"tag-david-castro","11":"tag-quarteira","12":"tag-triatlon"},"acf":[],"_links":{"self":[{"href":"https:\/\/miurltemporal.com/main/triatletasenred.sport.es\/wp-json\/wp\/v2\/posts\/43434"}],"collection":[{"href":"https:\/\/miurltemporal.com/main/triatletasenred.sport.es\/wp-json\/wp\/v2\/posts"}],"about":[{"href":"https:\/\/miurltemporal.com/main/triatletasenred.sport.es\/wp-json\/wp\/v2\/types\/post"}],"author":[{"embeddable":true,"href":"https:\/\/miurltemporal.com/main/triatletasenred.sport.es\/wp-json\/wp\/v2\/users\/12"}],"replies":[{"embeddable":true,"href":"https:\/\/miurltemporal.com/main/triatletasenred.sport.es\/wp-json\/wp\/v2\/comments?post=43434"}],"version-history":[{"count":0,"href":"https:\/\/miurltemporal.com/main/triatletasenred.sport.es\/wp-json\/wp\/v2\/posts\/43434\/revisions"}],"wp:featuredmedia":[{"embeddable":true,"href":"https:\/\/miurltemporal.com/main/triatletasenred.sport.es\/wp-json\/wp\/v2\/media\/38492"}],"wp:attachment":[{"href":"https:\/\/miurltemporal.com/main/triatletasenred.sport.es\/wp-json\/wp\/v2\/media?parent=43434"}],"wp:term":[{"taxonomy":"category","embeddable":true,"href":"https:\/\/miurltemporal.com/main/triatletasenred.sport.es\/wp-json\/wp\/v2\/categories?post=43434"},{"taxonomy":"post_tag","embeddable":true,"href":"https:\/\/miurltemporal.com/main/triatletasenred.sport.es\/wp-json\/wp\/v2\/tags?post=43434"}],"curies":[{"name":"wp","href":"https:\/\/api.w.org\/{rel}","templated":true}]}}