{"id":43391,"date":"2016-04-04T12:15:19","date_gmt":"2016-04-04T10:15:19","guid":{"rendered":"http:\/\/triatletasenred.com\/?p=43391"},"modified":"2016-04-05T23:16:46","modified_gmt":"2016-04-05T21:16:46","slug":"victor-del-corral-hay-vida-mas-alla-de-kona","status":"publish","type":"post","link":"https:\/\/miurltemporal.com/main/triatletasenred.sport.es\/entrevistas-triatlon\/victor-del-corral-hay-vida-mas-alla-de-kona\/","title":{"rendered":"V\u00edctor Del Corral: &#8220;No olvido que hay vida m\u00e1s all\u00e1 de Kona&#8221;"},"content":{"rendered":"<h3 style=\"text-align: justify;\">Recuper\u00e1ndose de unas molestias en el pie, V\u00edctor Del Corral ha alargado su debut oficial en este 2016. Ironman 70.3 Barcelona y Ironman Niza ser\u00e1n dos de sus objetivos en su camino a Kona, una carrera que &#8220;no le quita el sue\u00f1o&#8221;.<\/h3>\n<p style=\"text-align: justify;\"><strong>\u00bfC\u00f3mo se siente uno con un libro suyo en las librer\u00edas?<\/strong><\/p>\n<p style=\"text-align: justify;\">Pues uno se siente igual, contento al ver que el trabajo que hay detr\u00e1s tiene su recompensa. Un a\u00f1o de trabajo pero cuando ves el resultado final y ves la respuesta de la gente est\u00e1s contento. Hay mucha gente que le ha gustado y le ayuda, que se ha sorprendido de lo que se llega a explicar en el libro.<\/p>\n<p style=\"text-align: justify;\"><strong>\u00bfEn qu\u00e9 direcci\u00f3n va enfocada la preparaci\u00f3n que est\u00e1s haciendo dirigida por \u00c1lvaro Rance?<\/strong><\/p>\n<p style=\"text-align: justify;\">El objetivo es volver a conseguir la clasificaci\u00f3n para Kona y una vez la tenga, hacer una buena carrera all\u00ed. Empec\u00e9 con \u00c1lvaro justo cuando dej\u00e9 la lesi\u00f3n en el calc\u00e1neo y b\u00e1sicamente nos hemos centrado en dos focos: por un lado el trabajo de fuerza para evitar futuras lesiones; y por el otro la nataci\u00f3n, que creo que puedo decir sin problemas que es\u00a0mi punto d\u00e9bil. Y de momento creo que vamos en muy buena direcci\u00f3n.<\/p>\n<p style=\"text-align: justify;\"><strong><a href=\"https:\/\/miurltemporal.com/main/triatletasenred.sport.es\/wp-content\/uploads\/victor-4.jpg\"><img fetchpriority=\"high\" decoding=\"async\" class=\"alignleft wp-image-43464\" src=\"https:\/\/miurltemporal.com/main/triatletasenred.sport.es\/wp-content\/uploads\/victor-4-1024x578.jpg\" alt=\"victor 4\" width=\"403\" height=\"227\" srcset=\"https:\/\/miurltemporal.com/main/triatletasenred.sport.es\/wp-content\/uploads\/victor-4.jpg 1024w, https:\/\/miurltemporal.com/main/triatletasenred.sport.es\/wp-content\/uploads\/victor-4-700x395.jpg 700w, https:\/\/miurltemporal.com/main/triatletasenred.sport.es\/wp-content\/uploads\/victor-4-300x169.jpg 300w\" sizes=\"(max-width: 403px) 100vw, 403px\" \/><\/a>Dos Ironman 70.3, Mallorca y Barcelona, para preparar Ironman Niza. \u00bfHas so\u00f1ado muchas veces vi\u00e9ndote ganador en el Paseo de los Ingleses?<\/strong><\/p>\n<p style=\"text-align: justify;\">(R\u00ede) Alguna vez s\u00ed, la verdad. Supongo que es normal tras haber quedado dos veces segundo en Niza. Adem\u00e1s, reconozco que el a\u00f1o pasado me ve\u00eda ganador y quiz\u00e1 ese fue el fallo, que pensaba que ya lo ten\u00eda. Pero al final sue\u00f1o con ganar muchas carreras, no solo Niza. Cuando me apunto a una prueba voy a ganar y sue\u00f1o con ganar en ella, claro. Mi lacra sigue siendo la nataci\u00f3n aunque creo que este a\u00f1o hemos dado un paso adelante con \u00c1lvaro, y estamos trabajando en ello. Evidentemente, la carrera es m\u00e1s complicada cuando sales detr\u00e1s en el agua, porque creo que mi bici y carrera a pie es buena.<\/p>\n<p style=\"text-align: justify;\"><strong>Hablando de sue\u00f1os \u00bfKona te deja dormir?<\/strong><\/p>\n<p style=\"text-align: justify;\">S\u00ed, me obsesion\u00f3 al principio, hace a\u00f1os, y realmente le di demasiada importancia aunque siempre lo he relativizado bastante. No quiero olvidarme que hay m\u00e1s vida m\u00e1s all\u00e1 de Kona. Me gustar\u00eda hacer mi mejor carrera en Haw\u00e1i pero el objetivo es hacer mi propia carrera, m\u00e1s all\u00e1 de a quien gane o en que posici\u00f3n quede. Y as\u00ed poder ver realmente en qu\u00e9 nivel estamos.<\/p>\n<p style=\"text-align: justify;\">Este a\u00f1o el objetivo vuelve a ser la clasificaci\u00f3n para Kona. En Ironman Niza espero conseguir muchos puntos, y despu\u00e9s de esa primera parte de la temporada veremos como estoy en la clasificaci\u00f3n y si a\u00fan tengo que participar en alguna prueba m\u00e1s. De momento, debido a las molestias que arrastro en la pierna, he decidido no correr el Ironman Sud\u00e1frica como estaba previsto.<\/p>\n<p style=\"text-align: justify;\"><strong>\u00bfCon qu\u00e9 se quedar\u00e1 Victor Del Corral con su trayectoria como deportista profesional?<\/strong><\/p>\n<p style=\"text-align: justify;\">Me quedo con todos los momentos que he podido vivir, con todos los viajes que he podido hacer, las zonas que he podido descubrir, gente que he conocido. Todo ello es lo m\u00e1s importante, en mi carrera deportiva y en la vida.<\/p>\n<p style=\"text-align: justify;\"><strong>\u00bfY alg\u00fan resultado que quede marcado en tu retina?<\/strong><\/p>\n<p style=\"text-align: justify;\">Siempre hablo de mi victoria en el Triathlon Alpe d&#8217;Huez LD, mi primer triatl\u00f3n de larga distancia, donde consegu\u00ed la victoria en un d\u00eda\u00a0fresco y lluvioso. Pero tambi\u00e9n recuerdo mucho mi victoria en el Ironman Lanzarote o sin duda mis dos victorias en Ironman Florida y Ironman Arizona en solo 15 d\u00edas, todo un r\u00e9cord hist\u00f3rico. Resultados que hacen mucha ilusi\u00f3n por todo el trabajo acumulado que hay detr\u00e1s.<\/p>\n<p style=\"text-align: justify;\"><strong>Este a\u00f1o tambi\u00e9n has introducido algunos cambios en cuanto a patrocinadores. \u00bfQu\u00e9 nos puedes decir?<\/strong><\/p>\n<p style=\"text-align: justify;\">Sigo contando con un amplio equipo de marcas que me dan todo su apoyo y a las que sigo estando muy agradecido, con Cannondale, Inverse, Tom Tom, Compressport, Rudy Project&#8230; Pero este a\u00f1o como novedad se suma Generation UCAN, que es\u00a0un producto diferente con caracter\u00edsticas nutricionales especiales; y tambi\u00e9n de los neoprenos\u00a0Rocket Science.<\/p>\n<p style=\"text-align: justify;\"><em><strong>Segundo asalto al Ironman 70.3 Barcelona<\/strong><\/em><\/p>\n<p style=\"text-align: justify;\"><strong><img decoding=\"async\" class=\"alignright\" src=\"https:\/\/miurltemporal.com/main/triatletasenred.sport.es\/wp-content\/uploads\/Captura-de-pantalla-2015-02-03-a-las-19.25.30.png\" alt=\"\" width=\"374\" height=\"239\" \/>Tienes la experiencia de la 5\u00b0 posici\u00f3n de 2014. \u00bfEl podio es la expectativa m\u00ednima?<\/strong><\/p>\n<p style=\"text-align: justify;\">Esto es poner el listo alto, qu\u00e9 presi\u00f3n (r\u00ede). Saldr\u00e9 pensando en ganar y la carrera me pondr\u00e1 en mi sitio. Lucharemos por la victoria y por dar lo mejor y ya veremos qu\u00e9 pasa.<\/p>\n<p style=\"text-align: justify;\"><strong>La prueba ha ido incrementando el nivel de atletas PRO a\u00f1o tras a\u00f1o. \u00bfQu\u00e9 tiene que atrae tanto nivel?<\/strong><\/p>\n<p style=\"text-align: justify;\">Muchas cosas. La marca Barcelona, la fecha es muy buena para una prueba de media distancia, para los europeos es genial ya que tambi\u00e9n te permite preparar otras pruebas&#8230; Adem\u00e1s, tiene un circuito duro y bonito para disfrutar, donde da gusto correr.<\/p>\n<p style=\"text-align: justify;\"><strong>El circuito de ciclismo es especialmente \u00fanico y diferente a lo habitual. \u00bfAll\u00ed se puede ganar la carrera?<\/strong><\/p>\n<p style=\"text-align: justify;\">Lo que es seguro es que en la bici se puede perder, y ganar tienes que ser muy superior. Est\u00e1 claro que es un circuito que marca diferencias porque es m\u00e1s exigente por las subidas\u00a0y m\u00e1s t\u00e9cnico. Ayuda a marcar diferencias pero para ganar\u2026 hay que correr despu\u00e9s.<\/p>\n<p style=\"text-align: justify;\"><strong>\u00bfC\u00f3mo aconsejas afrontar esos 90 km de bici a los triatletas populares?<\/strong><\/p>\n<p style=\"text-align: justify;\">Sobre todo es importante no excederse y gastar fuerzas innecesarias porque despu\u00e9s de los puertos tienes que volver a Calella y nos podemos encontrar viento en contra. Hasta el Montseny se puede ir fuerte pero una vez has subido toca volver. Adem\u00e1s, despu\u00e9s a\u00fan toca subir el Collsacreu y llegar hasta Calella. No hay que olvidar esa segunda parte.<\/p>\n<p><span style=\"color: #ffffff;\">hdhfh<\/span><\/p>\n<p><a href=\"https:\/\/miurltemporal.com/main/triatletasenred.sport.es\/wp-content\/uploads\/Compressport2.jpg\"><img decoding=\"async\" class=\"aligncenter size-full wp-image-35097\" src=\"https:\/\/miurltemporal.com/main/triatletasenred.sport.es\/wp-content\/uploads\/Compressport2.jpg\" alt=\"Compressport\" width=\"479\" height=\"105\" srcset=\"https:\/\/miurltemporal.com/main/triatletasenred.sport.es\/wp-content\/uploads\/Compressport2.jpg 479w, https:\/\/miurltemporal.com/main/triatletasenred.sport.es\/wp-content\/uploads\/Compressport2-300x65.jpg 300w\" sizes=\"(max-width: 479px) 100vw, 479px\" \/><\/a><\/p>\n","protected":false},"excerpt":{"rendered":"<p>De Kona, de su nueva preparaci\u00f3n con \u00c1lvaro Rance y de su primer libro. De todo ello y m\u00e1s hablamos con V\u00edctor del Corral.<\/p>\n","protected":false},"author":23,"featured_media":43414,"comment_status":"open","ping_status":"open","sticky":false,"template":"","format":"standard","meta":{"_acf_changed":false,"rank_math_lock_modified_date":false,"footnotes":""},"categories":[10,2033],"tags":[3095,923,24,279],"class_list":{"0":"post-43391","1":"post","2":"type-post","3":"status-publish","4":"format-standard","5":"has-post-thumbnail","7":"category-entrevistas-triatlon","8":"category-sport","9":"tag-ironman-70-3-barcelona","10":"tag-triathlon","11":"tag-triatlon","12":"tag-victor-del-corral"},"acf":[],"_links":{"self":[{"href":"https:\/\/miurltemporal.com/main/triatletasenred.sport.es\/wp-json\/wp\/v2\/posts\/43391"}],"collection":[{"href":"https:\/\/miurltemporal.com/main/triatletasenred.sport.es\/wp-json\/wp\/v2\/posts"}],"about":[{"href":"https:\/\/miurltemporal.com/main/triatletasenred.sport.es\/wp-json\/wp\/v2\/types\/post"}],"author":[{"embeddable":true,"href":"https:\/\/miurltemporal.com/main/triatletasenred.sport.es\/wp-json\/wp\/v2\/users\/23"}],"replies":[{"embeddable":true,"href":"https:\/\/miurltemporal.com/main/triatletasenred.sport.es\/wp-json\/wp\/v2\/comments?post=43391"}],"version-history":[{"count":0,"href":"https:\/\/miurltemporal.com/main/triatletasenred.sport.es\/wp-json\/wp\/v2\/posts\/43391\/revisions"}],"wp:featuredmedia":[{"embeddable":true,"href":"https:\/\/miurltemporal.com/main/triatletasenred.sport.es\/wp-json\/wp\/v2\/media\/43414"}],"wp:attachment":[{"href":"https:\/\/miurltemporal.com/main/triatletasenred.sport.es\/wp-json\/wp\/v2\/media?parent=43391"}],"wp:term":[{"taxonomy":"category","embeddable":true,"href":"https:\/\/miurltemporal.com/main/triatletasenred.sport.es\/wp-json\/wp\/v2\/categories?post=43391"},{"taxonomy":"post_tag","embeddable":true,"href":"https:\/\/miurltemporal.com/main/triatletasenred.sport.es\/wp-json\/wp\/v2\/tags?post=43391"}],"curies":[{"name":"wp","href":"https:\/\/api.w.org\/{rel}","templated":true}]}}