{"id":43361,"date":"2016-03-31T00:34:18","date_gmt":"2016-03-30T22:34:18","guid":{"rendered":"http:\/\/triatletasenred.com\/?p=43361"},"modified":"2016-03-31T07:47:42","modified_gmt":"2016-03-31T05:47:42","slug":"la-triarmada-invade-quarteira","status":"publish","type":"post","link":"https:\/\/miurltemporal.com/main/triatletasenred.sport.es\/actualidad\/la-triarmada-invade-quarteira\/","title":{"rendered":"La TriArmada invade Quarteira"},"content":{"rendered":"<p style=\"text-align: justify;\">Tal vez la cercan\u00eda con nuestros vecinos portugueses o el <a href=\"http:\/\/www.federacao-triatlo.pt\/2016-quarteira-etu-triathlon-european-cup\/\" rel=\"nofollow noopener\" target=\"_blank\">territorio talism\u00e1n de Quarteira<\/a> explican el gran desembarco de triatletas nacionales en&nbsp;tierras lusas.&nbsp;All\u00ed se disputar\u00e1 este fin de semana la Copa de Europa ETU de Quarteira.&nbsp;Hasta quince miembros de nuestra TriArmada estar\u00e1n en el pont\u00f3n de salida de esta competici\u00f3n continental con m\u00e1s de 20.000\u20ac en premios en met\u00e1lico en juego entre ambas categor\u00edas.<\/p>\n<table id=\"results_table\" style=\"height: 266px;\" width=\"625\" cellspacing=\"0\" cellpadding=\"0\">\n<tbody>\n<tr class=\"odd\">\n<td width=\"100\"><a href=\"http:\/\/www.triathlon.org\/athletes\/profile\/31824\/\" rel=\"nofollow noopener\" target=\"_blank\">David<\/a><\/td>\n<td style=\"text-align: right;\"><a href=\"http:\/\/www.triathlon.org\/athletes\/profile\/31824\/\" rel=\"nofollow noopener\" target=\"_blank\">Castro Fajardo<\/a><\/td>\n<td>&nbsp; TRIARMADA<\/td>\n<td><a href=\"http:\/\/www.triathlon.org\/athletes\/profile\/22174\/\" rel=\"nofollow noopener\" target=\"_blank\">Melina<\/a><\/td>\n<td style=\"text-align: right;\"><a href=\"http:\/\/www.triathlon.org\/athletes\/profile\/47612\/\" rel=\"nofollow noopener\" target=\"_blank\">Alonso<\/a><\/td>\n<\/tr>\n<tr class=\"even\">\n<td width=\"100\"><a href=\"http:\/\/www.triathlon.org\/athletes\/profile\/40280\/\" rel=\"nofollow noopener\" target=\"_blank\">Ricardo<\/a><\/td>\n<td style=\"text-align: right;\"><a href=\"http:\/\/www.triathlon.org\/athletes\/profile\/40280\/\" rel=\"nofollow noopener\" target=\"_blank\">Hernandez Marrero<\/a><\/td>\n<td>&nbsp; QUARTEIRA 2016<\/td>\n<td><a href=\"http:\/\/www.triathlon.org\/athletes\/profile\/47612\/\" rel=\"nofollow noopener\" target=\"_blank\">Camila<\/a><\/td>\n<td style=\"text-align: right;\"><a href=\"http:\/\/www.triathlon.org\/athletes\/profile\/47612\/\" rel=\"nofollow noopener\" target=\"_blank\">Alonso<\/a><\/td>\n<\/tr>\n<tr class=\"odd\">\n<td width=\"100\"><a href=\"http:\/\/www.triathlon.org\/athletes\/profile\/63428\/\" rel=\"nofollow noopener\" target=\"_blank\">Antonio<\/a><\/td>\n<td style=\"text-align: right;\"><a href=\"http:\/\/www.triathlon.org\/athletes\/profile\/63428\/\" rel=\"nofollow noopener\" target=\"_blank\">Serrat Seoane<\/a><\/td>\n<td><\/td>\n<td><a href=\"http:\/\/www.triathlon.org\/athletes\/profile\/82486\/\" rel=\"nofollow noopener\" target=\"_blank\">Marta<\/a><\/td>\n<td style=\"text-align: right;\"><a href=\"http:\/\/www.triathlon.org\/athletes\/profile\/82486\/\" rel=\"nofollow noopener\" target=\"_blank\">Sanchez<\/a><\/td>\n<\/tr>\n<tr class=\"even\">\n<td width=\"100\"><a href=\"http:\/\/www.triathlon.org\/athletes\/profile\/63429\/\" rel=\"nofollow noopener\" target=\"_blank\">Roberto<\/a><\/td>\n<td style=\"text-align: right;\"><a href=\"http:\/\/www.triathlon.org\/athletes\/profile\/63429\/\" rel=\"nofollow noopener\" target=\"_blank\">Sanchez Mantecon<\/a><\/td>\n<td><\/td>\n<td><a href=\"http:\/\/www.triathlon.org\/athletes\/profile\/63432\/\" rel=\"nofollow noopener\" target=\"_blank\">Ana<\/a><\/td>\n<td style=\"text-align: right;\"><a href=\"http:\/\/www.triathlon.org\/athletes\/profile\/63432\/\" rel=\"nofollow noopener\" target=\"_blank\">Mariblanca Juanas<\/a><\/td>\n<\/tr>\n<tr class=\"odd\">\n<td width=\"100\"><a href=\"http:\/\/www.triathlon.org\/athletes\/profile\/25564\/\" rel=\"nofollow noopener\" target=\"_blank\">Bruno<\/a><\/td>\n<td style=\"text-align: right;\"><a href=\"http:\/\/www.triathlon.org\/athletes\/profile\/25564\/\" rel=\"nofollow noopener\" target=\"_blank\">Raso<\/a><\/td>\n<td><\/td>\n<td><a href=\"http:\/\/www.triathlon.org\/athletes\/profile\/75945\/\" rel=\"nofollow noopener\" target=\"_blank\">Sara<\/a><\/td>\n<td style=\"text-align: right;\"><a href=\"http:\/\/www.triathlon.org\/athletes\/profile\/75945\/\" rel=\"nofollow noopener\" target=\"_blank\">Perez Sala<\/a><\/td>\n<\/tr>\n<tr class=\"even\">\n<td width=\"100\"><a href=\"http:\/\/www.triathlon.org\/athletes\/profile\/84823\/\" rel=\"nofollow noopener\" target=\"_blank\">Camilo<\/a><\/td>\n<td style=\"text-align: right;\"><a href=\"http:\/\/www.triathlon.org\/athletes\/profile\/84823\/\" rel=\"nofollow noopener\" target=\"_blank\">Puertas Fernandez<\/a><\/td>\n<td><\/td>\n<td><\/td>\n<td><\/td>\n<\/tr>\n<tr class=\"odd\">\n<td width=\"100\"><a href=\"http:\/\/www.triathlon.org\/athletes\/profile\/63406\/\" rel=\"nofollow noopener\" target=\"_blank\">Arturo<\/a><\/td>\n<td style=\"text-align: right;\"><a href=\"http:\/\/www.triathlon.org\/athletes\/profile\/63406\/\" rel=\"nofollow noopener\" target=\"_blank\">Galian Nicolas<\/a><\/td>\n<td><\/td>\n<td><\/td>\n<td><\/td>\n<\/tr>\n<tr class=\"even\">\n<td width=\"100\"><a href=\"http:\/\/www.triathlon.org\/athletes\/profile\/103839\/\" rel=\"nofollow noopener\" target=\"_blank\">Ivan<\/a><\/td>\n<td style=\"text-align: right;\"><a href=\"http:\/\/www.triathlon.org\/athletes\/profile\/103839\/\" rel=\"nofollow noopener\" target=\"_blank\">Mu\u00f1oz Gonz\u00e1lez<\/a><\/td>\n<td><\/td>\n<td><\/td>\n<td><\/td>\n<\/tr>\n<tr class=\"odd\">\n<td width=\"100\"><a href=\"http:\/\/www.triathlon.org\/athletes\/profile\/103838\/\" rel=\"nofollow noopener\" target=\"_blank\">Ruben<\/a><\/td>\n<td style=\"text-align: right;\"><a href=\"http:\/\/www.triathlon.org\/athletes\/profile\/103838\/\" rel=\"nofollow noopener\" target=\"_blank\">Pereira<\/a><\/td>\n<td><\/td>\n<td><\/td>\n<td><\/td>\n<\/tr>\n<tr class=\"even\">\n<td width=\"100\"><a href=\"http:\/\/www.triathlon.org\/athletes\/profile\/92400\/\" rel=\"nofollow noopener\" target=\"_blank\">Alberto<\/a><\/td>\n<td style=\"text-align: right;\"><a href=\"http:\/\/www.triathlon.org\/athletes\/profile\/92400\/\" rel=\"nofollow noopener\" target=\"_blank\">Casti\u00f1eira<\/a><\/td>\n<td><\/td>\n<td><\/td>\n<td><\/td>\n<\/tr>\n<\/tbody>\n<\/table>\n<p style=\"text-align: justify;\">\n<p style=\"text-align: justify;\">Seg\u00fan la agenda del evento, las chicas ser\u00e1n las encargadas de abrir las pruebas \u00e9lite el pr\u00f3ximo s\u00e1bado a las 13:45 (12:45 hora espa\u00f1ola),&nbsp;mientras que los chicos har\u00e1n lo propio unas horas m\u00e1s tarde, a las 16:45 (15:45 hora espa\u00f1ola).<\/p>\n<p style=\"text-align: justify;\"><img fetchpriority=\"high\" decoding=\"async\" class=\"aligncenter\" src=\"http:\/\/www.triforfun.es\/wp-content\/uploads\/2010\/12\/Logo-Compressport-final-2008-WHT.jpg\" alt=\"\" width=\"676\" height=\"149\"><\/p>\n<p style=\"text-align: justify;\">\n","protected":false},"excerpt":{"rendered":"<p>Gran desembarco de triatletas nacionales en tierras lusas, que este fin de semana disputan la Copa de Europa ETU de Quarteira.<\/p>\n","protected":false},"author":2,"featured_media":37690,"comment_status":"open","ping_status":"open","sticky":false,"template":"","format":"standard","meta":{"_acf_changed":false,"rank_math_lock_modified_date":false,"footnotes":""},"categories":[17,19,1191],"tags":[1929,2644,1966,2918,4499,1574,24],"class_list":{"0":"post-43361","1":"post","2":"type-post","3":"status-publish","4":"format-standard","5":"has-post-thumbnail","7":"category-actualidad","8":"category-competiciones","9":"category-triatlon","10":"tag-compressport","11":"tag-copa-de-europa-etu","12":"tag-david-castro","13":"tag-melina-alonso","14":"tag-quarteira","15":"tag-triarmada","16":"tag-triatlon"},"acf":[],"_links":{"self":[{"href":"https:\/\/miurltemporal.com/main/triatletasenred.sport.es\/wp-json\/wp\/v2\/posts\/43361"}],"collection":[{"href":"https:\/\/miurltemporal.com/main/triatletasenred.sport.es\/wp-json\/wp\/v2\/posts"}],"about":[{"href":"https:\/\/miurltemporal.com/main/triatletasenred.sport.es\/wp-json\/wp\/v2\/types\/post"}],"author":[{"embeddable":true,"href":"https:\/\/miurltemporal.com/main/triatletasenred.sport.es\/wp-json\/wp\/v2\/users\/2"}],"replies":[{"embeddable":true,"href":"https:\/\/miurltemporal.com/main/triatletasenred.sport.es\/wp-json\/wp\/v2\/comments?post=43361"}],"version-history":[{"count":0,"href":"https:\/\/miurltemporal.com/main/triatletasenred.sport.es\/wp-json\/wp\/v2\/posts\/43361\/revisions"}],"wp:featuredmedia":[{"embeddable":true,"href":"https:\/\/miurltemporal.com/main/triatletasenred.sport.es\/wp-json\/wp\/v2\/media\/37690"}],"wp:attachment":[{"href":"https:\/\/miurltemporal.com/main/triatletasenred.sport.es\/wp-json\/wp\/v2\/media?parent=43361"}],"wp:term":[{"taxonomy":"category","embeddable":true,"href":"https:\/\/miurltemporal.com/main/triatletasenred.sport.es\/wp-json\/wp\/v2\/categories?post=43361"},{"taxonomy":"post_tag","embeddable":true,"href":"https:\/\/miurltemporal.com/main/triatletasenred.sport.es\/wp-json\/wp\/v2\/tags?post=43361"}],"curies":[{"name":"wp","href":"https:\/\/api.w.org\/{rel}","templated":true}]}}