{"id":43348,"date":"2016-03-30T14:18:56","date_gmt":"2016-03-30T12:18:56","guid":{"rendered":"http:\/\/triatletasenred.com\/?p=43348"},"modified":"2016-03-30T14:20:15","modified_gmt":"2016-03-30T12:20:15","slug":"la-fegatri-confirma-el-problema-personal-entre-gomez-noya-y-su-exentrenador","status":"publish","type":"post","link":"https:\/\/miurltemporal.com/main/triatletasenred.sport.es\/actualidad\/la-fegatri-confirma-el-problema-personal-entre-gomez-noya-y-su-exentrenador\/","title":{"rendered":"La FEGATRI confirma el problema personal entre G\u00f3mez Noya y su exentrenador"},"content":{"rendered":"<p style=\"text-align: justify;\">La Federaci\u00f3n Gallega de Triatl\u00f3n ha confirmado este mi\u00e9rcoles en <a href=\"http:\/\/fegatri.org\/comunicado-da-federacion-galega-de-triatlon-e-pentatlon-moderno\/\" target=\"_blank\" rel=\"nofollow noopener\">un comunicado<\/a> que se muestra ajena a la mala relaci\u00f3n entre Javi G\u00f3mez Noya y su exentrenador, Omar Gonz\u00e1lez. La FEGATRI explica que se trata de un conflicto y &#8220;problema personal&#8221; que ha desencadenado\u00a0la anulaci\u00f3n de la licencia federativa gallega del triatleta espa\u00f1ol para 2016.<\/p>\n<p style=\"text-align: justify;\">En el mismo comunicado, la FEGATRI explica que esa ha sido la \u00fanica raz\u00f3n de G\u00f3mez Noya para no seguir vinculado a la federaci\u00f3n auton\u00f3mica a trav\u00e9s de su licencia de competici\u00f3n. Eso s\u00ed, lejos de desentenderse, la Federaci\u00f3n afirma que har\u00e1 todo lo posible para que haya un acercamiento entre ambas posturas, algo que a d\u00eda de hoy parece complicado.<\/p>\n<p style=\"text-align: justify;\">Este mi\u00e9rcoles, adem\u00e1s, se emite el reportaje de Informe Robinson donde G\u00f3mez Noya es protagonista. Omar Gonz\u00e1lez, exentrenador de Javi y actualmente entrenador de Fernando Alarza, entre otros, \u00a0fue protagonista de una de las \u00e9pocas doradas del triatleta gallego. Junto a \u00e9l consigui\u00f3, entre otros, la medalla ol\u00edmpica en Londres 2012.<\/p>\n<p>&nbsp;<\/p>\n","protected":false},"excerpt":{"rendered":"<p>La Federaci\u00f3n Gallega de Triatl\u00f3n ha emitido un comunicado en el que se desmarca de los problemas entre Javi G\u00f3mez Noya y Omar Gonz\u00e1lez.<\/p>\n","protected":false},"author":12,"featured_media":43349,"comment_status":"open","ping_status":"open","sticky":false,"template":"","format":"standard","meta":{"_acf_changed":false,"rank_math_lock_modified_date":false,"footnotes":""},"categories":[17,16,2033,1191],"tags":[4497,4399,818,24],"class_list":{"0":"post-43348","1":"post","2":"type-post","3":"status-publish","4":"format-standard","5":"has-post-thumbnail","7":"category-actualidad","8":"category-en-red","9":"category-sport","10":"category-triatlon","11":"tag-fegatri","12":"tag-gomez-noya","13":"tag-omar-gonzalez","14":"tag-triatlon"},"acf":[],"_links":{"self":[{"href":"https:\/\/miurltemporal.com/main/triatletasenred.sport.es\/wp-json\/wp\/v2\/posts\/43348"}],"collection":[{"href":"https:\/\/miurltemporal.com/main/triatletasenred.sport.es\/wp-json\/wp\/v2\/posts"}],"about":[{"href":"https:\/\/miurltemporal.com/main/triatletasenred.sport.es\/wp-json\/wp\/v2\/types\/post"}],"author":[{"embeddable":true,"href":"https:\/\/miurltemporal.com/main/triatletasenred.sport.es\/wp-json\/wp\/v2\/users\/12"}],"replies":[{"embeddable":true,"href":"https:\/\/miurltemporal.com/main/triatletasenred.sport.es\/wp-json\/wp\/v2\/comments?post=43348"}],"version-history":[{"count":0,"href":"https:\/\/miurltemporal.com/main/triatletasenred.sport.es\/wp-json\/wp\/v2\/posts\/43348\/revisions"}],"wp:featuredmedia":[{"embeddable":true,"href":"https:\/\/miurltemporal.com/main/triatletasenred.sport.es\/wp-json\/wp\/v2\/media\/43349"}],"wp:attachment":[{"href":"https:\/\/miurltemporal.com/main/triatletasenred.sport.es\/wp-json\/wp\/v2\/media?parent=43348"}],"wp:term":[{"taxonomy":"category","embeddable":true,"href":"https:\/\/miurltemporal.com/main/triatletasenred.sport.es\/wp-json\/wp\/v2\/categories?post=43348"},{"taxonomy":"post_tag","embeddable":true,"href":"https:\/\/miurltemporal.com/main/triatletasenred.sport.es\/wp-json\/wp\/v2\/tags?post=43348"}],"curies":[{"name":"wp","href":"https:\/\/api.w.org\/{rel}","templated":true}]}}