{"id":43231,"date":"2016-03-24T23:15:52","date_gmt":"2016-03-24T21:15:52","guid":{"rendered":"http:\/\/triatletasenred.com\/?p=43231"},"modified":"2016-04-21T14:01:48","modified_gmt":"2016-04-21T12:01:48","slug":"jan-frodeno","status":"publish","type":"post","link":"https:\/\/miurltemporal.com/main/triatletasenred.sport.es\/actualidad\/jan-frodeno\/","title":{"rendered":"Jan Frodeno: &#8220;Respeto a mis rivales y a este deporte como para ir a pasearme&#8221;"},"content":{"rendered":"<h3 style=\"text-align: justify;\">La flamante oro ol\u00edmpico y vigente campe\u00f3n IRONMAN e IRONMAN 70.3, Jan Frodeno, \u00a0ha anunciado hoy mismo su intenci\u00f3n de competir en el <a href=\"http:\/\/eu.ironman.com\/es-es\/triathlon\/events\/emea\/ironman\/lanzarote.aspx#axzz43qfUtGGP\" rel=\"nofollow noopener\" target=\"_blank\">IRONMAN Club La Santa Lanzarote<\/a>. De este modo el germano volver\u00eda a competir en Espa\u00f1a tras vencer con holgura en 2015 el IRONMAN 70.3 Barcelona.<\/h3>\n<p style=\"text-align: justify;\">La agenda de Frodo ha variado debido a la lesi\u00f3n que arrastra en su gemelo y que no le ha permitido preparar\u00a0en \u00f3ptimas condiciones al <strong>Standard Bank IRONMAN Sud\u00e0frica<\/strong>, \u00a0que era su primera opci\u00f3n.<\/p>\n<p style=\"text-align: justify;\"><a href=\"triatletasenred.com\"><img fetchpriority=\"high\" decoding=\"async\" class=\"alignleft\" src=\"https:\/\/scontent-mad1-1.xx.fbcdn.net\/hphotos-xfa1\/v\/t1.0-9\/12376676_1104419962942415_242072965188688829_n.png?oh=be6887d6f18d974490da4205bfd79aec&amp;oe=577B42DA\" alt=\"\" width=\"266\" height=\"312\" \/><\/a>As\u00ed lo ha anunciado en una charla organizada por la &#8220;<em><strong>Laureus Sport for Good Foundation<\/strong><\/em>&#8221; con motivo de la ceremonia de premios que se celebrar\u00e1 en unas semanas en Berl\u00edn y en la que Frodeno est\u00e1 nominado junto a otros grandes nombres propios del deporte y que recog\u00eda el portal alem\u00e1n\u00a0<a href=\"http:\/\/tri-mag.de\" rel=\"nofollow noopener\" target=\"_blank\">tri-mag.de<\/a><\/p>\n<p style=\"text-align: justify;\">&#8220;<em><strong>Si tenemos en cuenta que sufr\u00ed 9 cms de rotura fibrilar en el gemelo, y la f\u00f3rmula emp\u00edrica dice que necesito una semana por cada cent\u00edmetro, a\u00fan me quedar\u00edan 4 semanas para la sanaci\u00f3n total<\/strong><\/em>&#8221; declar\u00f3 el Campe\u00f3n Mundial.<\/p>\n<p style=\"text-align: justify;\">&#8220;<strong><em>Respeto demasiado a mis rivales y a este deporte como para ir a pasearme por el simple hecho de certificar mi clasificaci\u00f3n a Kona<\/em><\/strong>&#8221; . Recordemos que Jan Frodeno, como campe\u00f3n del mundo, le basta con finalizar una prueba IRONMAN para asegurar su plaza en Kona.<\/p>\n<p style=\"text-align: justify;\">Un gesto que le honra y que hace a\u00fan m\u00e1s grande la ya gran figura de Jan Frodeno<\/p>\n<p style=\"text-align: justify;\"><img decoding=\"async\" class=\"aligncenter size-full wp-image-40507\" src=\"https:\/\/miurltemporal.com/main/triatletasenred.sport.es\/wp-content\/uploads\/Banner_600x200_1_animacion1.gif\" alt=\"Banner_600x200_1_animacion\" width=\"600\" height=\"200\" \/><\/p>\n","protected":false},"excerpt":{"rendered":"<p>La agenda de Jan Frodeno ha variado debido a la lesi\u00f3n que arrastr\u00f3 y que no le ha permitido llegar en \u00f3ptimas condiciones al IRONMAN Sud\u00e0frica,<\/p>\n","protected":false},"author":2,"featured_media":39235,"comment_status":"open","ping_status":"open","sticky":false,"template":"","format":"standard","meta":{"_acf_changed":false,"rank_math_lock_modified_date":false,"footnotes":""},"categories":[17],"tags":[3385,3659,4314,3891,404,650,1936,686,558,1455,24],"class_list":{"0":"post-43231","1":"post","2":"type-post","3":"status-publish","4":"format-standard","5":"has-post-thumbnail","7":"category-actualidad","8":"tag-2xu","9":"tag-club-la-santa","10":"tag-frodissimo","11":"tag-frodo","12":"tag-ironman","13":"tag-ironman-lanzarote","14":"tag-jan-frodeno","15":"tag-lanzarote","16":"tag-lesion","17":"tag-lesiones","18":"tag-triatlon"},"acf":[],"_links":{"self":[{"href":"https:\/\/miurltemporal.com/main/triatletasenred.sport.es\/wp-json\/wp\/v2\/posts\/43231"}],"collection":[{"href":"https:\/\/miurltemporal.com/main/triatletasenred.sport.es\/wp-json\/wp\/v2\/posts"}],"about":[{"href":"https:\/\/miurltemporal.com/main/triatletasenred.sport.es\/wp-json\/wp\/v2\/types\/post"}],"author":[{"embeddable":true,"href":"https:\/\/miurltemporal.com/main/triatletasenred.sport.es\/wp-json\/wp\/v2\/users\/2"}],"replies":[{"embeddable":true,"href":"https:\/\/miurltemporal.com/main/triatletasenred.sport.es\/wp-json\/wp\/v2\/comments?post=43231"}],"version-history":[{"count":0,"href":"https:\/\/miurltemporal.com/main/triatletasenred.sport.es\/wp-json\/wp\/v2\/posts\/43231\/revisions"}],"wp:featuredmedia":[{"embeddable":true,"href":"https:\/\/miurltemporal.com/main/triatletasenred.sport.es\/wp-json\/wp\/v2\/media\/39235"}],"wp:attachment":[{"href":"https:\/\/miurltemporal.com/main/triatletasenred.sport.es\/wp-json\/wp\/v2\/media?parent=43231"}],"wp:term":[{"taxonomy":"category","embeddable":true,"href":"https:\/\/miurltemporal.com/main/triatletasenred.sport.es\/wp-json\/wp\/v2\/categories?post=43231"},{"taxonomy":"post_tag","embeddable":true,"href":"https:\/\/miurltemporal.com/main/triatletasenred.sport.es\/wp-json\/wp\/v2\/tags?post=43231"}],"curies":[{"name":"wp","href":"https:\/\/api.w.org\/{rel}","templated":true}]}}