{"id":42769,"date":"2016-03-06T00:11:05","date_gmt":"2016-03-05T22:11:05","guid":{"rendered":"http:\/\/triatletasenred.com\/?p=42769"},"modified":"2016-03-06T00:11:05","modified_gmt":"2016-03-05T22:11:05","slug":"triatlon-portocolom","status":"publish","type":"post","link":"https:\/\/miurltemporal.com/main/triatletasenred.sport.es\/actualidad\/triatlon-portocolom\/","title":{"rendered":"A quien madruga, Portocolom le ayuda"},"content":{"rendered":"<h3 style=\"text-align: justify;\"><strong>El pr\u00f3ximo 10 de abril se celebrar\u00e1 la 19\u00a0edici\u00f3n del Triathlon Internacional de Portocolom, una de las primeras citas relevantes del calendario que cada a\u00f1o cuenta con muchos participantes venidos del extranjero.\u00a0<\/strong><\/h3>\n<p style=\"text-align: justify;\">Nadar en las aguas cristalinas de <strong>un puerto natural<\/strong>, pedalear con todas las fuerzas en la subida a San Salvador y callejear por el <strong>centro hist\u00f3rico<\/strong> de Portocolom, tras pasar por el m\u00edtico faro. Son alicientes de sobra para uno de los triatlones m\u00e1s madrugadores de Europa (10 de abril), con dos formatos (55.5 y 111) tan atractivos como poco frecuentes.<\/p>\n<p style=\"text-align: justify;\">\u00bfEst\u00e1s ansioso por empezar la temporada de triatl\u00f3n? Si es as\u00ed, tienes una cita el pr\u00f3ximo 10 de abril en el Triathlon Internacional de Portocolom (Mallorca). Este cl\u00e1sico del calendario espa\u00f1ol e internacional cumple su edici\u00f3n n\u00famero 19 y vuelve a contar con el aval de la tradici\u00f3n y un <strong>recorrido bello y exigente<\/strong>. Por si fuera poco, ofrece dos formatos tan atractivos como poco habituales, ideales para ciclistas, en los que no est\u00e1 permitido el drafting: 55 (500 metros de nataci\u00f3n, 50 km de ciclismo y 5 km de carrera a pie) y 111 (1000 metros de nataci\u00f3n, 100 km de ciclismo y 10 km de carrera a pie).<\/p>\n<p style=\"text-align: justify;\">Portocolom es c\u00e9lebre en el Viejo Continente triatleta y ciclista durante los fr\u00edos inviernos europeos. La <strong>bonanza del clima balear<\/strong> permite que sea uno de los primeros triatlones europeos del a\u00f1o. Y es que parece todo un lujo, en los albores de la primavera, nadar en las aguas cristalinas de la bah\u00eda de Portolcom con el m\u00edtico faro como tel\u00f3n de fondo, disfrutar del exigente recorrido ciclista con la subida a Sant Salvador (dos veces en la distancia larga) para terminar con un &#8216;paseo&#8217; en forma de carrera a pie por las calles de este tradicional y bello pueblo mediterr\u00e1neo.<\/p>\n<p style=\"text-align: justify;\"><img fetchpriority=\"high\" decoding=\"async\" class=\"alignleft\" src=\"https:\/\/scontent-mad1-1.xx.fbcdn.net\/hphotos-xfa1\/t31.0-8\/11794374_566783063462677_578611872416521084_o.jpg\" alt=\"\" width=\"347\" height=\"231\" \/>El Triathlon de Portocolom, que ha sido elegido en los dos \u00faltimos a\u00f1os como el &#8216;Mejor Triatl\u00f3n de las Islas Baleares&#8217; por los propios triatletas, est\u00e1 organizado por Kumulus Mallorca y el Club Triatl\u00f3 Portocolom, con el apoyo del Ayuntamiento de Felanitx. Reunir\u00e1 a <strong>m\u00e1s de un millar de triatletas<\/strong>, sin olvidar a los ni\u00f1os que tomar\u00e1n parte en el TriKids del d\u00eda previo por las calles de esta pac\u00edfica localidad marinera, perteneciente a Felanitx.<\/p>\n<p style=\"text-align: justify;\">En 2016 se apuesta de nuevo por el crecimiento de la prueba y <strong>se amplian el n\u00famero de dorsales<\/strong> para la distancia 55.5 hasta los 500 participantes, se mejorar\u00e1 y ampliar\u00e1 la zona de boxes\/transici\u00f3n y se mantendr\u00e1n los premios econ\u00f3micos (4.000 euros) para los tres primeros clasificados femeninos y masculinos de la general, tanto en el formato 55.5 como en el 111.<\/p>\n<p style=\"text-align: justify;\">En las pasadas ediciones <strong>el nivel deportivo fue excepcional<\/strong>, con triatletas de la talla de Markus H\u00f6rmann, Fabian Rahn, Florian Kriegl, Carlos L\u00f3pez, Miguel \u00c1ngel Fidalgo y con un plantel femenino potent\u00edsimo con Eimear Mullan, Lis Gruber, Eva Wutti, Gajer, Diana Riesler, Susan Blatt\u2026 Tambi\u00e9n suele haber mcuhos <strong>rostros famosos<\/strong> compitiendo en Portocolom, como el exciclista profesional Marcel Wust, o los pilotos de F\u00f3rmula 1 Pedro Mart\u00ednez de la Rosa o Alex Wurz.<\/p>\n<p style=\"text-align: justify;\"><a class=\"vc_btn vc_btn-default vc_btn-sm vc_btn_square \" href=\"https:\/\/www.triathlonportocolom.net\" rel=\"nofollow noopener\" target=\"_blank\">Web del Triatl\u00f3n Internacional Portocolom<\/a><\/p>\n<p style=\"text-align: justify;\">Por Xavier Ensenyat<\/p>\n","protected":false},"excerpt":{"rendered":"<p>El 10 de abril tendr\u00e1 lugar la 19\u00ba edici\u00f3n del Triathlon Internacional de Portocolom (Mallorca), uno de los triatlones m\u00e1s madrugadores de Europa.<\/p>\n","protected":false},"author":6,"featured_media":42771,"comment_status":"open","ping_status":"open","sticky":false,"template":"","format":"standard","meta":{"_acf_changed":false,"rank_math_lock_modified_date":false,"footnotes":""},"categories":[17],"tags":[933,923,24],"class_list":{"0":"post-42769","1":"post","2":"type-post","3":"status-publish","4":"format-standard","5":"has-post-thumbnail","7":"category-actualidad","8":"tag-portocolom","9":"tag-triathlon","10":"tag-triatlon"},"acf":[],"_links":{"self":[{"href":"https:\/\/miurltemporal.com/main/triatletasenred.sport.es\/wp-json\/wp\/v2\/posts\/42769"}],"collection":[{"href":"https:\/\/miurltemporal.com/main/triatletasenred.sport.es\/wp-json\/wp\/v2\/posts"}],"about":[{"href":"https:\/\/miurltemporal.com/main/triatletasenred.sport.es\/wp-json\/wp\/v2\/types\/post"}],"author":[{"embeddable":true,"href":"https:\/\/miurltemporal.com/main/triatletasenred.sport.es\/wp-json\/wp\/v2\/users\/6"}],"replies":[{"embeddable":true,"href":"https:\/\/miurltemporal.com/main/triatletasenred.sport.es\/wp-json\/wp\/v2\/comments?post=42769"}],"version-history":[{"count":0,"href":"https:\/\/miurltemporal.com/main/triatletasenred.sport.es\/wp-json\/wp\/v2\/posts\/42769\/revisions"}],"wp:featuredmedia":[{"embeddable":true,"href":"https:\/\/miurltemporal.com/main/triatletasenred.sport.es\/wp-json\/wp\/v2\/media\/42771"}],"wp:attachment":[{"href":"https:\/\/miurltemporal.com/main/triatletasenred.sport.es\/wp-json\/wp\/v2\/media?parent=42769"}],"wp:term":[{"taxonomy":"category","embeddable":true,"href":"https:\/\/miurltemporal.com/main/triatletasenred.sport.es\/wp-json\/wp\/v2\/categories?post=42769"},{"taxonomy":"post_tag","embeddable":true,"href":"https:\/\/miurltemporal.com/main/triatletasenred.sport.es\/wp-json\/wp\/v2\/tags?post=42769"}],"curies":[{"name":"wp","href":"https:\/\/api.w.org\/{rel}","templated":true}]}}