{"id":42758,"date":"2016-03-04T09:23:07","date_gmt":"2016-03-04T07:23:07","guid":{"rendered":"http:\/\/triatletasenred.com\/?p=42758"},"modified":"2016-03-08T15:11:24","modified_gmt":"2016-03-08T13:11:24","slug":"chente-hernandez-y-fernando-alarza","status":"publish","type":"post","link":"https:\/\/miurltemporal.com/main/triatletasenred.sport.es\/sport\/chente-hernandez-y-fernando-alarza\/","title":{"rendered":"Chente Hern\u00e1ndez y Fernando Alarza: Dos hombres y un destino"},"content":{"rendered":"<h3 style=\"text-align: justify;\">El destino y el buen hacer de Javier G\u00f3mez Noya y Mario Mola en anteriores campa\u00f1as, ha querido que solo reste una plaza ol\u00edmpica para representar a nuestro pa\u00eds en los Juegos de R\u00edo 2016.<\/h3>\n<p style=\"text-align: justify;\">Aunque ambos son amigos admiradores confesos el uno del otro, este s\u00e1bado arranca un ciclo que empezar\u00e1 en Abu Dhabi y que llevar\u00e1 a chicharrero y talaverano a una lucha casi fraticida por el sue\u00f1o ol\u00edmpico.<\/p>\n<p style=\"text-align: justify;\">En <em>Triatletas en Red<\/em>\u00a0hemos podido entrevistarles en exclusiva antes del asalto al inminente arranque de temporada como p\u00fablicamos anteriormente. Hoy y a pocas horas de empezar estas Series Mundiales ITU con la gloria ol\u00edmpica en juego, os invitamos a ver y conocer las impresiones de los protagonistas, Vicente Hern\u00e1ndez y Fernando Alarza, dos hombres y un destino:<\/p>\n<p style=\"text-align: justify;\"><a  class=\"vc_btn vc_btn-default vc_btn-sm vc_btn_square \" href=\"https:\/\/miurltemporal.com/main/triatletasenred.sport.es\/entrevistas-triatlon\/fernando-alarza-2\/\" >Entrevista a Fernando Alarza<\/a><\/p>\n<p style=\"text-align: justify;\">[embedyt] http:\/\/www.youtube.com\/watch?v=KYq9zOt_n1g[\/embedyt]<\/p>\n<p style=\"text-align: justify;\"><a  class=\"vc_btn vc_btn-default vc_btn-sm vc_btn_square \" href=\"https:\/\/miurltemporal.com/main/triatletasenred.sport.es\/entrevistas-triatlon\/chente\/\" >Entrevista a Chente Hern\u00e1ndez<\/a>[embedyt] http:\/\/www.youtube.com\/watch?v=GCt0JBD8K6E[\/embedyt]<\/p>\n","protected":false},"excerpt":{"rendered":"<p>Amigos y rivales Chente Hern\u00e1ndez y Fernando Alarza arrancan su carrera al Olimpo este s\u00e1bado en Abu Dhabi, un carrer\u00f3n sin duda.<\/p>\n","protected":false},"author":2,"featured_media":42759,"comment_status":"open","ping_status":"open","sticky":false,"template":"","format":"standard","meta":{"_acf_changed":false,"rank_math_lock_modified_date":false,"footnotes":""},"categories":[2033,17],"tags":[4289,375,24,2004],"class_list":{"0":"post-42758","1":"post","2":"type-post","3":"status-publish","4":"format-standard","5":"has-post-thumbnail","7":"category-sport","8":"category-actualidad","9":"tag-chente-hernandez","10":"tag-fernando-alarza","11":"tag-triatlon","12":"tag-world-triathlon-series-mundiales"},"acf":[],"_links":{"self":[{"href":"https:\/\/miurltemporal.com/main/triatletasenred.sport.es\/wp-json\/wp\/v2\/posts\/42758"}],"collection":[{"href":"https:\/\/miurltemporal.com/main/triatletasenred.sport.es\/wp-json\/wp\/v2\/posts"}],"about":[{"href":"https:\/\/miurltemporal.com/main/triatletasenred.sport.es\/wp-json\/wp\/v2\/types\/post"}],"author":[{"embeddable":true,"href":"https:\/\/miurltemporal.com/main/triatletasenred.sport.es\/wp-json\/wp\/v2\/users\/2"}],"replies":[{"embeddable":true,"href":"https:\/\/miurltemporal.com/main/triatletasenred.sport.es\/wp-json\/wp\/v2\/comments?post=42758"}],"version-history":[{"count":0,"href":"https:\/\/miurltemporal.com/main/triatletasenred.sport.es\/wp-json\/wp\/v2\/posts\/42758\/revisions"}],"wp:featuredmedia":[{"embeddable":true,"href":"https:\/\/miurltemporal.com/main/triatletasenred.sport.es\/wp-json\/wp\/v2\/media\/42759"}],"wp:attachment":[{"href":"https:\/\/miurltemporal.com/main/triatletasenred.sport.es\/wp-json\/wp\/v2\/media?parent=42758"}],"wp:term":[{"taxonomy":"category","embeddable":true,"href":"https:\/\/miurltemporal.com/main/triatletasenred.sport.es\/wp-json\/wp\/v2\/categories?post=42758"},{"taxonomy":"post_tag","embeddable":true,"href":"https:\/\/miurltemporal.com/main/triatletasenred.sport.es\/wp-json\/wp\/v2\/tags?post=42758"}],"curies":[{"name":"wp","href":"https:\/\/api.w.org\/{rel}","templated":true}]}}