{"id":42487,"date":"2016-02-24T20:37:33","date_gmt":"2016-02-24T18:37:33","guid":{"rendered":"http:\/\/triatletasenred.com\/?p=42487"},"modified":"2016-03-08T15:11:35","modified_gmt":"2016-03-08T13:11:35","slug":"series-mundiales-2016","status":"publish","type":"post","link":"https:\/\/miurltemporal.com/main/triatletasenred.sport.es\/actualidad\/series-mundiales-2016\/","title":{"rendered":"9 d\u00edas para el arranque de las Series Mundiales 2016. Unos Juegos Ol\u00edmpicos en juego"},"content":{"rendered":"<h2 style=\"text-align: justify;\">En poco m\u00e1s de una semana arranca una nueva y espectacular edici\u00f3n de las Series Mundiales 2016, el circuito con m\u00e1s estrellas internacionales del panorama de la corta distancia.<\/h2>\n<p style=\"text-align: justify;\">La primera cita ser\u00e1 Abu Dhabi y, aunque habr\u00e1 ausencias notables de atletas ya con el foco en los Juegos Ol\u00edmpicos de R\u00edo, la intensidad y la emoci\u00f3n est\u00e1n aseguradas ya que a\u00fan son muchos los que se juegan una plaza ol\u00edmpica en este arranque de las Series Mundiales 2016.<\/p>\n<p style=\"text-align: justify;\">Entre los espa\u00f1oles <strong>Chente Hern\u00e1ndez<\/strong> y <strong>Fernando Alarza<\/strong> han tenido que afinar su calendario de pretemporada para llegar a este inicio en las mejores condiciones. S\u00f3lo uno acompa\u00f1ar\u00e1 a Javi G\u00f3mez Noya y Mario Mola en la cita ol\u00edmpica y ambos ser\u00e1n rivales en estas primeras batallas a pesar que la camarader\u00eda y el buen rollo entre ambos y el resto de la triarmada va a permanecer intacta como declaraba Fernando en la entrevista que nos concedi\u00f3 hace unas semanas y en la que confesaba que: \u00a0\u201c<strong><em>ser ol\u00edmpico es un sue\u00f1o que tengo desde ni\u00f1o<\/em><\/strong>\u201d<\/p>\n<p style=\"text-align: justify;\"><a  class=\"vc_btn vc_btn-default vc_btn-sm vc_btn_square \" href=\"https:\/\/miurltemporal.com/main/triatletasenred.sport.es\/entrevistas-triatlon\/fernando-alarza-2\/\" >Entrevista a Fernando Alarza<\/a><\/p>\n<p style=\"text-align: justify;\">En chicas tenemos a priori 2 plazas y podr\u00eda caer una tercera en el supuesto de que nuestras f\u00e9minas realizar\u00e1n un buen arranque en el circuito mundial. <strong>Carolina Routier, Ainhoa Murua o Tamara G\u00f3mez<\/strong> estar\u00e1n en el pont\u00f3n de salida de Abu Dhabi con un ojo y el coraz\u00f3n puesto en <strong>Rio de Janeiro.<\/strong> \u00a0La atleta de Elche pas\u00f3 por nuestro set de entrevistas conocedora de lo mucho que se juegan nuestros y nuestras atletas: &#8221; <em><strong>Te lo tienes que currar much\u00edsimo para conseguir algo<\/strong><\/em>&#8221; fue el sincero y certero titular que nos regal\u00f3.<\/p>\n<p style=\"text-align: justify;\"><a  class=\"vc_btn vc_btn-default vc_btn-sm vc_btn_square \" href=\"https:\/\/miurltemporal.com/main/triatletasenred.sport.es\/entrevistas-triatlon\/tamara-gomez-2\/\" >Entrevista a Tamara G\u00f3mez<\/a><\/p>\n<p style=\"text-align: justify;\">Tomen asiento&#8230;arranca el mejor espect\u00e1culo del mundo<\/p>\n<p style=\"text-align: justify;\"><a href=\"https:\/\/miurltemporal.com/main/triatletasenred.sport.es\/wp-content\/uploads\/Esportissim2.png\"><img decoding=\"async\" class=\"aligncenter  wp-image-33918\" src=\"https:\/\/miurltemporal.com/main/triatletasenred.sport.es\/wp-content\/uploads\/Esportissim2.png\" alt=\"Esportissim\" width=\"668\" height=\"73\" srcset=\"https:\/\/miurltemporal.com/main/triatletasenred.sport.es\/wp-content\/uploads\/Esportissim2.png 1837w, https:\/\/miurltemporal.com/main/triatletasenred.sport.es\/wp-content\/uploads\/Esportissim2-700x76.png 700w, https:\/\/miurltemporal.com/main/triatletasenred.sport.es\/wp-content\/uploads\/Esportissim2-300x32.png 300w, https:\/\/miurltemporal.com/main/triatletasenred.sport.es\/wp-content\/uploads\/Esportissim2-1024x111.png 1024w\" sizes=\"(max-width: 668px) 100vw, 668px\" \/><\/a><\/p>\n","protected":false},"excerpt":{"rendered":"<p>Emoci\u00f3n \u00a0asegurada ya que a\u00fan son muchos los que se juegan una plaza ol\u00edmpica en este arranque de las Series Mundiales 2016.<\/p>\n","protected":false},"author":2,"featured_media":35536,"comment_status":"open","ping_status":"open","sticky":false,"template":"","format":"standard","meta":{"_acf_changed":false,"rank_math_lock_modified_date":false,"footnotes":""},"categories":[17],"tags":[2933,2481,4289,375,819,2482,24,2004],"class_list":{"0":"post-42487","1":"post","2":"type-post","3":"status-publish","4":"format-standard","5":"has-post-thumbnail","7":"category-actualidad","8":"tag-ainhoa-murua","9":"tag-carolina-routier","10":"tag-chente-hernandez","11":"tag-fernando-alarza","12":"tag-javier-gomez-noya","13":"tag-tamara-gomez","14":"tag-triatlon","15":"tag-world-triathlon-series-mundiales"},"acf":[],"_links":{"self":[{"href":"https:\/\/miurltemporal.com/main/triatletasenred.sport.es\/wp-json\/wp\/v2\/posts\/42487"}],"collection":[{"href":"https:\/\/miurltemporal.com/main/triatletasenred.sport.es\/wp-json\/wp\/v2\/posts"}],"about":[{"href":"https:\/\/miurltemporal.com/main/triatletasenred.sport.es\/wp-json\/wp\/v2\/types\/post"}],"author":[{"embeddable":true,"href":"https:\/\/miurltemporal.com/main/triatletasenred.sport.es\/wp-json\/wp\/v2\/users\/2"}],"replies":[{"embeddable":true,"href":"https:\/\/miurltemporal.com/main/triatletasenred.sport.es\/wp-json\/wp\/v2\/comments?post=42487"}],"version-history":[{"count":0,"href":"https:\/\/miurltemporal.com/main/triatletasenred.sport.es\/wp-json\/wp\/v2\/posts\/42487\/revisions"}],"wp:featuredmedia":[{"embeddable":true,"href":"https:\/\/miurltemporal.com/main/triatletasenred.sport.es\/wp-json\/wp\/v2\/media\/35536"}],"wp:attachment":[{"href":"https:\/\/miurltemporal.com/main/triatletasenred.sport.es\/wp-json\/wp\/v2\/media?parent=42487"}],"wp:term":[{"taxonomy":"category","embeddable":true,"href":"https:\/\/miurltemporal.com/main/triatletasenred.sport.es\/wp-json\/wp\/v2\/categories?post=42487"},{"taxonomy":"post_tag","embeddable":true,"href":"https:\/\/miurltemporal.com/main/triatletasenred.sport.es\/wp-json\/wp\/v2\/tags?post=42487"}],"curies":[{"name":"wp","href":"https:\/\/api.w.org\/{rel}","templated":true}]}}