{"id":42161,"date":"2016-02-11T14:14:50","date_gmt":"2016-02-11T12:14:50","guid":{"rendered":"http:\/\/triatletasenred.com\/?p=42161"},"modified":"2016-02-11T14:14:50","modified_gmt":"2016-02-11T12:14:50","slug":"el-triatlon-de-zarautz-pondra-5000e-en-premios-para-su-xxx-edicion","status":"publish","type":"post","link":"https:\/\/miurltemporal.com/main/triatletasenred.sport.es\/actualidad\/el-triatlon-de-zarautz-pondra-5000e-en-premios-para-su-xxx-edicion\/","title":{"rendered":"El Triatl\u00f3n de Zarautz pondr\u00e1 18000\u20ac en premios para su XXX Edici\u00f3n"},"content":{"rendered":"<h2 style=\"text-align: justify;\">El s\u00e1bado arranca la cuenta atr\u00e1s el triatl\u00f3n de Zarautz con uno de los momentos marcados en nuestras agendas. A las 10h ser\u00e1 el momento de formalizar la solicitud de inscripci\u00f3n a un evento que hist\u00f3ricamente llena en cuesti\u00f3n de minutos.<\/h2>\n<p style=\"text-align: justify;\">Si tienes ganas de cumplir con la Historia <a href=\"https:\/\/miurltemporal.com/main/triatletasenred.sport.es\/en-red\/triatlon-de-zarautz-abre-inscripciones\/\">en este ENLACE te explicamos como funciona el nuevo proceso de inscripci\u00f3n.\u00a0<\/a><\/p>\n<p style=\"text-align: justify;\">La organizaci\u00f3n del evento, que este a\u00f1o cuenta con la empresa BXport como partner organizativo, ha hecho una destacada inversi\u00f3n para premiar a los ganadores. Una suma de 18000\u20ac que se repartir\u00e1n los\u00a0ganadores y ganadoras de cada categor\u00eda.<\/p>\n<p class=\"p1\" style=\"text-align: justify;\"><span class=\"s1\"><strong>Patricia Dami\u00e1n<\/strong>, Presidenta del <em>Zarauzko Triatloi Enkartea<\/em>\u00a0\u201cDesde que se organiza esta prueba hace ya tres d\u00e9cadas, la apuesta de la organizaci\u00f3n\u00a0ha sido clara: que los atletas populares compitan con los mejores profesionales, con un trato en ambos casos id\u00e9ntico, personal y cercano&#8221;<\/span><\/p>\n<p class=\"p1\" style=\"text-align: justify;\">De este modo Zarautz se asegura la presencia de los mejores y las mejores triatletas que luchar\u00e1n por ponerse la deseada Txapela que identifica a los ganadores de la hist\u00f3rica prueba.<\/p>\n<p class=\"p1\" style=\"text-align: justify;\">Gustavo Rodr\u00edguez y Gurutze Frades, campeones de la edici\u00f3n 2015, comentan que el premio es un plus importante pero que siempre es una gozada competir en Zarautz y recibir los \u00e1nimos de sus habitantes durante pr\u00e1cticamente todo el recorrido.<\/p>\n<p class=\"p1\" style=\"text-align: justify;\">Adem\u00e1s de los triatletas profesionales, m\u00e1s de 600 atletas llegados de diversos puntos del pa\u00eds, ser\u00e1n los afortunados en disfrutar del buen hacer de organizadores y la hospitalidad y los \u00e1nimos de los guipuzcoanos.<\/p>\n<a  class=\"vc_btn vc_btn-default vc_btn-sm vc_btn_square \" href=\"https:\/\/miurltemporal.com/main/triatletasenred.sport.es\/?s=zarautz\" >\u00bfQuieres conocer m\u00e1s sobre esta fiesta nacional del triatl\u00f3n ?\u00a0<\/a>\n<p class=\"p1\" style=\"text-align: justify;\">\n","protected":false},"excerpt":{"rendered":"<p>Arranca el Triatl\u00f3n de Zarautz \u00a0con 18000\u20ac en premios y el apoyo de BXports. La cita para m\u00e1s de 600 triatletas ser\u00e1 el 11 de Junio<\/p>\n","protected":false},"author":2,"featured_media":36045,"comment_status":"open","ping_status":"open","sticky":false,"template":"","format":"standard","meta":{"_acf_changed":false,"rank_math_lock_modified_date":false,"footnotes":""},"categories":[17],"tags":[1079,4311,813,727,2196],"class_list":{"0":"post-42161","1":"post","2":"type-post","3":"status-publish","4":"format-standard","5":"has-post-thumbnail","7":"category-actualidad","8":"tag-historia","9":"tag-patridia-damian","10":"tag-triatloia","11":"tag-triatlon-de-zarautz","12":"tag-zarautz-triatloia"},"acf":[],"_links":{"self":[{"href":"https:\/\/miurltemporal.com/main/triatletasenred.sport.es\/wp-json\/wp\/v2\/posts\/42161"}],"collection":[{"href":"https:\/\/miurltemporal.com/main/triatletasenred.sport.es\/wp-json\/wp\/v2\/posts"}],"about":[{"href":"https:\/\/miurltemporal.com/main/triatletasenred.sport.es\/wp-json\/wp\/v2\/types\/post"}],"author":[{"embeddable":true,"href":"https:\/\/miurltemporal.com/main/triatletasenred.sport.es\/wp-json\/wp\/v2\/users\/2"}],"replies":[{"embeddable":true,"href":"https:\/\/miurltemporal.com/main/triatletasenred.sport.es\/wp-json\/wp\/v2\/comments?post=42161"}],"version-history":[{"count":0,"href":"https:\/\/miurltemporal.com/main/triatletasenred.sport.es\/wp-json\/wp\/v2\/posts\/42161\/revisions"}],"wp:featuredmedia":[{"embeddable":true,"href":"https:\/\/miurltemporal.com/main/triatletasenred.sport.es\/wp-json\/wp\/v2\/media\/36045"}],"wp:attachment":[{"href":"https:\/\/miurltemporal.com/main/triatletasenred.sport.es\/wp-json\/wp\/v2\/media?parent=42161"}],"wp:term":[{"taxonomy":"category","embeddable":true,"href":"https:\/\/miurltemporal.com/main/triatletasenred.sport.es\/wp-json\/wp\/v2\/categories?post=42161"},{"taxonomy":"post_tag","embeddable":true,"href":"https:\/\/miurltemporal.com/main/triatletasenred.sport.es\/wp-json\/wp\/v2\/tags?post=42161"}],"curies":[{"name":"wp","href":"https:\/\/api.w.org\/{rel}","templated":true}]}}