{"id":42138,"date":"2016-02-11T12:26:03","date_gmt":"2016-02-11T10:26:03","guid":{"rendered":"http:\/\/triatletasenred.com\/?p=42138"},"modified":"2016-02-11T12:26:03","modified_gmt":"2016-02-11T10:26:03","slug":"triatlon-aritzaleku","status":"publish","type":"post","link":"https:\/\/miurltemporal.com/main/triatletasenred.sport.es\/actualidad\/triatlon-aritzaleku\/","title":{"rendered":"El Triatl\u00f3n Aritzaleku presenta una 14\u00ba edici\u00f3n con novedades"},"content":{"rendered":"<h2 style=\"text-align: justify;\">Es uno de los triatlones cl\u00e1sicos del calendario, un pionero en el norte del pa\u00eds. Triatl\u00f3n Aritzaleku se ha convertido en cita imprescindible y se ha sabido adaptar al paso del tiempo. En su 14\u00ba edici\u00f3n viene con jugosas\u00a0novedades. Aqu\u00ed las explicamos.<\/h2>\n<p style=\"text-align: justify;\">En constante evoluci\u00f3n, ofreciendo siempre el mejor servicio al atleta y sintiendo al m\u00e1ximo la pasi\u00f3n por el triatl\u00f3n. Son caracter\u00edsticas del Triatl\u00f3n Aritzaleku, de su organizaci\u00f3n, de una prueba\u00a0que el pr\u00f3ximo <strong>18 de junio<\/strong> alcanzar\u00e1 la 14\u00ba edici\u00f3n. La carrera ofrece dos distancias: <strong>sprint y ol\u00edmpica<\/strong>, como en 2015. Pero, sin tocar ni un \u00e1pice la filosof\u00eda de la prueba, s\u00ed que la organizaci\u00f3n nos ofrece interesantes novedades.<\/p>\n<p style=\"text-align: justify;\">La primera de ellas es que el Triatl\u00f3n Aritzaleku ser\u00e1 <strong>clasificatorio<\/strong> para\u00a0el Campeonato de Espa\u00f1a de Triatl\u00f3n en distancia ol\u00edmpica, que tendr\u00e1 lugar en Banyoles el 3 y 4 de septiembre. Un reconocimiento a la trayectoria de la prueba durante m\u00e1s de una d\u00e9cada.<\/p>\n<p style=\"text-align: justify;\">La segunda novedad, una <strong>renovada p\u00e1gina web<\/strong> que sin duda le imprime un lavado de imagen significativo. Una web m\u00e1s gr\u00e1fica, visual e interactiva donde los participantes pueden encontrar toda la informaci\u00f3n importante de forma r\u00e1pida y f\u00e1cil.<\/p>\n<p style=\"text-align: justify;\"><img fetchpriority=\"high\" decoding=\"async\" class=\"wp-image-42158 aligncenter\" src=\"https:\/\/miurltemporal.com/main/triatletasenred.sport.es\/wp-content\/uploads\/web_aritzaleku-1024x524.jpg\" alt=\"web_aritzaleku\" width=\"542\" height=\"277\" srcset=\"https:\/\/miurltemporal.com/main/triatletasenred.sport.es\/wp-content\/uploads\/web_aritzaleku-1024x524.jpg 1024w, https:\/\/miurltemporal.com/main/triatletasenred.sport.es\/wp-content\/uploads\/web_aritzaleku-700x358.jpg 700w, https:\/\/miurltemporal.com/main/triatletasenred.sport.es\/wp-content\/uploads\/web_aritzaleku-300x154.jpg 300w, https:\/\/miurltemporal.com/main/triatletasenred.sport.es\/wp-content\/uploads\/web_aritzaleku.jpg 1432w\" sizes=\"(max-width: 542px) 100vw, 542px\" \/><\/p>\n<p style=\"text-align: justify;\">Precisamente, a trav\u00e9s de la web pueden apuntarse ya los triatletas en la distancia que m\u00e1s prefieran. <strong>Las inscripciones est\u00e1n abiertas<\/strong> y las plazas son limitadas. De hecho, desde <a href=\"http:\/\/triatlonaritzaleku.com\/informacion\/#inscripciones\" target=\"_blank\" rel=\"nofollow noopener\">la web<\/a> de la carrera pueden apuntarse los Grupos de Edad y Open, mientras que los triatletas \u00e9lite deben inscribirse a trav\u00e9s de <a href=\"http:\/\/triatlon.org\/triweb\/index.php\/competicion\/2o-clasificatorio-campeonato-de-espana-de-triatlon-elite-aritzaleku\/\" target=\"_blank\" rel=\"nofollow noopener\">la web<\/a> de la\u00a0Federaci\u00f3n Espa\u00f1ola de Triatl\u00f3n.<\/p>\n<p style=\"text-align: justify;\">\u201cLa prueba se ha caracterizado siempre por la zona espectacular donde se realiza y por <strong>el trato exquisito al participante<\/strong>, del primero al \u00faltimo, donde todos se sienten arropados y protagonistas. Esta sigue siendo nuestra filosof\u00eda ya que somos de un humilde club, el TRIKUA, que trabaja con mucha ilusi\u00f3n. Nuestro principal objetivo es el cuidado del triatleta y que todos salgan encantados\u201d\u00a0explica\u00a0<strong>Juan Cruz<\/strong>, director de carrera.<\/p>\n<p style=\"text-align: justify;\">Un triatl\u00f3n que volver\u00e1 a hacernos vibrar el 18 de junio con el Pantano de Alloz como eterno y majestuoso protagonista.<\/p>\n","protected":false},"excerpt":{"rendered":"<p>El pr\u00f3ximo 18 de junio el Pantano de Alloz volver\u00e1 a lucir sus mejores galas para acoger el Triatl\u00f3n Aritzaleku, que viene con novedades interesantes.<\/p>\n","protected":false},"author":23,"featured_media":42155,"comment_status":"open","ping_status":"open","sticky":false,"template":"","format":"standard","meta":{"_acf_changed":false,"rank_math_lock_modified_date":false,"footnotes":""},"categories":[17,1191],"tags":[24,4309,4310],"class_list":{"0":"post-42138","1":"post","2":"type-post","3":"status-publish","4":"format-standard","5":"has-post-thumbnail","7":"category-actualidad","8":"category-triatlon","9":"tag-triatlon","10":"tag-triatlon-aritzaleku","11":"tag-trikua"},"acf":[],"_links":{"self":[{"href":"https:\/\/miurltemporal.com/main/triatletasenred.sport.es\/wp-json\/wp\/v2\/posts\/42138"}],"collection":[{"href":"https:\/\/miurltemporal.com/main/triatletasenred.sport.es\/wp-json\/wp\/v2\/posts"}],"about":[{"href":"https:\/\/miurltemporal.com/main/triatletasenred.sport.es\/wp-json\/wp\/v2\/types\/post"}],"author":[{"embeddable":true,"href":"https:\/\/miurltemporal.com/main/triatletasenred.sport.es\/wp-json\/wp\/v2\/users\/23"}],"replies":[{"embeddable":true,"href":"https:\/\/miurltemporal.com/main/triatletasenred.sport.es\/wp-json\/wp\/v2\/comments?post=42138"}],"version-history":[{"count":0,"href":"https:\/\/miurltemporal.com/main/triatletasenred.sport.es\/wp-json\/wp\/v2\/posts\/42138\/revisions"}],"wp:featuredmedia":[{"embeddable":true,"href":"https:\/\/miurltemporal.com/main/triatletasenred.sport.es\/wp-json\/wp\/v2\/media\/42155"}],"wp:attachment":[{"href":"https:\/\/miurltemporal.com/main/triatletasenred.sport.es\/wp-json\/wp\/v2\/media?parent=42138"}],"wp:term":[{"taxonomy":"category","embeddable":true,"href":"https:\/\/miurltemporal.com/main/triatletasenred.sport.es\/wp-json\/wp\/v2\/categories?post=42138"},{"taxonomy":"post_tag","embeddable":true,"href":"https:\/\/miurltemporal.com/main/triatletasenred.sport.es\/wp-json\/wp\/v2\/tags?post=42138"}],"curies":[{"name":"wp","href":"https:\/\/api.w.org\/{rel}","templated":true}]}}