{"id":4199,"date":"2012-10-13T07:49:16","date_gmt":"2012-10-13T07:49:16","guid":{"rendered":"http:\/\/triatletasenred.com\/?p=4199"},"modified":"2012-10-29T07:12:15","modified_gmt":"2012-10-29T07:12:15","slug":"nace-el-primer-club-de-natacion-especializado-en-aguas-abiertas-el-c-n-radikal-swim","status":"publish","type":"post","link":"https:\/\/miurltemporal.com/main/triatletasenred.sport.es\/en-red\/nace-el-primer-club-de-natacion-especializado-en-aguas-abiertas-el-c-n-radikal-swim\/","title":{"rendered":"NACE EL PRIMER CLUB DE NATACION ESPECIALIZADO EN AGUAS ABIERTAS, EL C.N. RADIKAL SWIM"},"content":{"rendered":"<p style=\"text-align: justify;\"><strong>El C.N. Radikal Swim\u00a0 ha sido presentado en sociedad, el 9 de octubre, aunque naci\u00f3 hace 4 a\u00f1os, cuando sus fundadores crearon\u00a0 la traves\u00eda de nataci\u00f3n en aguas abiertas, la Radikal Marbrava, que discurre entre las costas de Calella de Palafrugell y Llafranc.<\/strong><\/p>\n<p style=\"text-align: justify;\">El club nace bajo la consigna: m\u00e1s r\u00e1pido, m\u00e1s lejos y mejor. Especializ\u00e1ndose en la nataci\u00f3n en aguas abiertas, para fomentar y difundir una pr\u00e1ctica que cada d\u00eda cuenta con m\u00e1s adeptos. No con una voluntad meramente competitiva, sino parar cubrir las necesidades de esta disciplina.<\/p>\n<p style=\"text-align: justify;\">Tendr\u00e1 la sede social en el Centre Internacional de Vela de Catalunya, en convenio con la Federaci\u00f3n Catalana de Nataci\u00f3n y la Federaci\u00f3n Catalana de Vela. Ofrecer\u00e1 una infraestructura abierta al mar y con seguridad para que quien quiera disfrutar la nataci\u00f3n en aguas abiertas.<\/p>\n<p style=\"text-align: justify;\">Ofrece los siguientes servicios:<\/p>\n<ul style=\"text-align: justify;\">\n<li>Seguro, a todos los deportistas del club en su pr\u00e1ctica deportiva.<\/li>\n<li>Instalaciones, donde practicar y preparar-se f\u00edsicamente para nadar en aguas abiertas.<\/li>\n<li>Servicios complementarios, tales como limpieza, secado y custodia de neoprenos.<\/li>\n<li>Formaci\u00f3n global, en la nataci\u00f3n en aguas abiertas.<\/li>\n<\/ul>\n<p style=\"text-align: justify;\">El C.N. Radikal Swim, est\u00e1 fundado por tres ex-deportistas de alto nivel:<\/p>\n<ul style=\"text-align: justify;\">\n<li>Dani Serra (Presidente) Nadador ol\u00edmpico en Seul&#8217;88, disputo varios campeonatos de Europa y del mundo, consiguiendo records de Espa\u00f1a en 100, 200, 400, 800 i 1.500 m. estilo libre.<\/li>\n<li>Sergi Roure (Vicepresidente) Nadador ol\u00edmpico en Barcelona&#8217;92, disputo varios campeonatos de Europa y del mundo, consiguiendo record de Espa\u00f1a en 400 m. estilo libre.<\/li>\n<li>\u00c0lex Amor\u00f3s (Tesorero y Secretario) Jugador de waterpolo, en el C.N. Catalunya, campe\u00f3n de Catalu\u00f1a y de Espa\u00f1a en varias ocasiones<\/li>\n<\/ul>\n<p style=\"text-align: justify;\">M\u00e1s informaci\u00f3n: <a title=\"www.radikalswim.com\" href=\"http:\/\/www.radikalswim.com\" rel=\"nofollow noopener\" target=\"_blank\">www.radikalswim.com<\/a><\/p>\n<p style=\"text-align: justify;\"><img fetchpriority=\"high\" decoding=\"async\" class=\"alignnone\" title=\"radikal\" src=\"https:\/\/dl.dropbox.com\/u\/3879676\/triATLETAS\/imatges\/ultraquim\/radikal\/radikal.jpg\" alt=\"\" width=\"608\" height=\"156\" \/><\/p>\n<p style=\"text-align: justify;\"><a class=\"vc_btn vc_btn-pink vc_btn-sm vc_btn_square \" href=\"http:\/\/ultra-quim.blogspot.com.es\" rel=\"nofollow noopener\" target=\"_blank\">ESPACIO DE ULTRAQUIM<\/a><\/p>\n","protected":false},"excerpt":{"rendered":"<p>El C.N. Radikal Swim\u00a0 ha sido presentado en sociedad, el 9 de octubre, aunque naci\u00f3 hace 4 a\u00f1os, cuando sus fundadores crearon\u00a0 la traves\u00eda de nataci\u00f3n en aguas abiertas, la Radikal Marbrava, que discurre entre las costas de Calella de Palafrugell y Llafranc. El club nace bajo la consigna: m\u00e1s r\u00e1pido, m\u00e1s lejos y mejor. [&hellip;]<\/p>\n","protected":false},"author":6,"featured_media":4200,"comment_status":"open","ping_status":"open","sticky":false,"template":"","format":"standard","meta":{"_acf_changed":false,"rank_math_lock_modified_date":false,"footnotes":""},"categories":[16],"tags":[318,41],"class_list":{"0":"post-4199","1":"post","2":"type-post","3":"status-publish","4":"format-standard","5":"has-post-thumbnail","7":"category-en-red","8":"tag-natacion-aguas-abiertas","9":"tag-ultraquim"},"acf":[],"_links":{"self":[{"href":"https:\/\/miurltemporal.com/main/triatletasenred.sport.es\/wp-json\/wp\/v2\/posts\/4199"}],"collection":[{"href":"https:\/\/miurltemporal.com/main/triatletasenred.sport.es\/wp-json\/wp\/v2\/posts"}],"about":[{"href":"https:\/\/miurltemporal.com/main/triatletasenred.sport.es\/wp-json\/wp\/v2\/types\/post"}],"author":[{"embeddable":true,"href":"https:\/\/miurltemporal.com/main/triatletasenred.sport.es\/wp-json\/wp\/v2\/users\/6"}],"replies":[{"embeddable":true,"href":"https:\/\/miurltemporal.com/main/triatletasenred.sport.es\/wp-json\/wp\/v2\/comments?post=4199"}],"version-history":[{"count":0,"href":"https:\/\/miurltemporal.com/main/triatletasenred.sport.es\/wp-json\/wp\/v2\/posts\/4199\/revisions"}],"wp:featuredmedia":[{"embeddable":true,"href":"https:\/\/miurltemporal.com/main/triatletasenred.sport.es\/wp-json\/wp\/v2\/media\/4200"}],"wp:attachment":[{"href":"https:\/\/miurltemporal.com/main/triatletasenred.sport.es\/wp-json\/wp\/v2\/media?parent=4199"}],"wp:term":[{"taxonomy":"category","embeddable":true,"href":"https:\/\/miurltemporal.com/main/triatletasenred.sport.es\/wp-json\/wp\/v2\/categories?post=4199"},{"taxonomy":"post_tag","embeddable":true,"href":"https:\/\/miurltemporal.com/main/triatletasenred.sport.es\/wp-json\/wp\/v2\/tags?post=4199"}],"curies":[{"name":"wp","href":"https:\/\/api.w.org\/{rel}","templated":true}]}}