{"id":41565,"date":"2016-01-20T00:49:49","date_gmt":"2016-01-19T22:49:49","guid":{"rendered":"http:\/\/triatletasenred.com\/?p=41565"},"modified":"2016-01-20T00:49:49","modified_gmt":"2016-01-19T22:49:49","slug":"miquel-blanchart-2","status":"publish","type":"post","link":"https:\/\/miurltemporal.com/main/triatletasenred.sport.es\/entrevistas-triatlon\/miquel-blanchart-2\/","title":{"rendered":"El rookie Miquel Blanchart, un 2015 para enmarcar"},"content":{"rendered":"<h3 style=\"text-align: justify;\">Miquel Blanchart, el eterno ni\u00f1o, el rookie, el flaco que corre raro, el noi de Sabadell&#8230;tiene tantos sobrenombres cari\u00f1osos como experiencia en nuestro deporte y, sin duda, el 2015 ha sido de los mejores para el bueno de Miquel.<\/h3>\n<p style=\"text-align: justify;\">Hace ya a\u00f1os que tengo conversaciones peri\u00f3dicas con Miquel, el trato profesional <strong>de periodista a atleta<\/strong> se perdi\u00f3 en un punto indeterminado del camino hasta el punto de poder aseguraros\u00a0que el Rookie de Kona ha cumplido un sue\u00f1o, un reto que va m\u00e1s all\u00e1 de lo profesional y que lo hace tan popular como a cualquiera de nosotros.<\/p>\n<p style=\"text-align: justify;\"><img fetchpriority=\"high\" decoding=\"async\" class=\"alignright size-medium wp-image-33058\" src=\"https:\/\/miurltemporal.com/main/triatletasenred.sport.es\/wp-content\/uploads\/mIquel-Blanchart-en-bicicleta-en-Lanzarote-300x200.jpg\" alt=\"mIquel Blanchart en bicicleta en Lanzarote\" width=\"300\" height=\"200\" srcset=\"https:\/\/miurltemporal.com/main/triatletasenred.sport.es\/wp-content\/uploads\/mIquel-Blanchart-en-bicicleta-en-Lanzarote-300x200.jpg 300w, https:\/\/miurltemporal.com/main/triatletasenred.sport.es\/wp-content\/uploads\/mIquel-Blanchart-en-bicicleta-en-Lanzarote.jpg 600w\" sizes=\"(max-width: 300px) 100vw, 300px\" \/>El 2015 de <a href=\"https:\/\/miurltemporal.com/main/triatletasenred.sport.es\/?s=blanchart\">Miquel Blanchart<\/a> no empez\u00f3 en enero sino en septiembre del a\u00f1o anterior. En ese momento y tras quedar fuera en los puntos en su primer asalto serio a Kona, Miquel se lanz\u00f3 a lo que muchos tildaron de locura. \u00a1Dos Ironman\u00a0en dos semanas consecutivas! Algo que muchos populares han hecho pero <strong>poco habitual en un pro<\/strong>. Miquel no se apunt\u00f3 para acabarlos, se apunt\u00f3 para ganar y no qued\u00f3 muy lejos. <strong>Cuarto\u00a0en Mallorca<\/strong> y una semana m\u00e1s tarde <strong>segundo<\/strong> en el caj\u00f3n \u00fanicamente superado por el Doctor Clemente Alonso que obviamente llegaba m\u00e1s fresco al primer Ironman Barcelona de la Historia.<\/p>\n<p>Tuve la suerte de recibir en la misma l\u00ednea de meta y ver como recorr\u00eda esos \u00faltimos metros de la moqueta final que daba acceso al arco triunfal por el que pocos minutos antes entraba Clemente. <a href=\"https:\/\/miurltemporal.com/main/triatletasenred.sport.es\/?s=blanchart\">Miquel Blanchart<\/a> abr\u00eda los brazos y se dejaba querer por su gente agazapada en ambas tribunas de la fant\u00e1stica finish line de Ironman Barcelona. Escasos metros antes de cruzarla se besaba con su esposa y luego, con lagrimas en los ojos y brazos en alto entraba por ese arco.<\/p>\n<p>Miquel no celebraba en ese momento el segundo puesto, el eterno ni\u00f1o, el noi de sabadell, el flaco que corre raro, celebraba estar m\u00e1s cerca de Kona y su entrenador, Carles Tur, que en ese momento estaba comentando para la TV on line del evento sali\u00f3 a felicitarlo. Arrancaba el 2015 de <a href=\"https:\/\/miurltemporal.com/main/triatletasenred.sport.es\/?s=blanchart\">Miquel Blanchart.<\/a><\/p>\n<figure id=\"attachment_39750\" aria-describedby=\"caption-attachment-39750\" style=\"width: 300px\" class=\"wp-caption alignleft\"><img decoding=\"async\" class=\"size-medium wp-image-39750\" src=\"https:\/\/miurltemporal.com/main/triatletasenred.sport.es\/wp-content\/uploads\/blanchart-kona-300x295.jpg\" alt=\"Ingo Kutsche\" width=\"300\" height=\"295\" srcset=\"https:\/\/miurltemporal.com/main/triatletasenred.sport.es\/wp-content\/uploads\/blanchart-kona-300x295.jpg 300w, https:\/\/miurltemporal.com/main/triatletasenred.sport.es\/wp-content\/uploads\/blanchart-kona.jpg 400w\" sizes=\"(max-width: 300px) 100vw, 300px\" \/><figcaption id=\"caption-attachment-39750\" class=\"wp-caption-text\">Ingo Kutsche<\/figcaption><\/figure>\n<p style=\"text-align: justify;\">As\u00ed pues, repasar el a\u00f1o que acabamos de dejar es m\u00e1s bien una recta final, un protocolario calendario que lleva a Blanchart a Kona. Su\u00a0tercer IM de la temporada era Lanzarote, lugar que Miquel conoce bien le dio los puntos que esper\u00e1bamos para certificar la clasificaci\u00f3n :<\/p>\n<p style=\"text-align: justify;\"><strong><em>Haber logrado clasificarme este a\u00f1o es para mi una satisfacci\u00f3n indescriptible, un sue\u00f1o cumplido, un objetivo alcanzado por el cual he luchado duro durante mucho tiempo. Me encantar\u00e1 compartir l\u00ednea de salida con los mejores, es todo un orgullo<\/em>.<\/strong><\/p>\n<p style=\"text-align: justify;\">Tras estas declaraciones, he hablado con \u00e9l hasta el d\u00eda antes de su debut y muchas veces despu\u00e9s. Aunque \u00e9l no se lo cree hay mucha gente que se alegra de sus gestas y que agradecen su atenci\u00f3n a pesar de las muchas tensiones que acumulan los atletas de \u00e9lite.<\/p>\n<p>Ya en Kona Miquel ten\u00eda un nuevo objetivo que comentaba m\u00e1s bien con la boca peque\u00f1a sabedor que una vez all\u00ed iba a ser muy dif\u00edcil que se alinearan los astros. Un rookie rodeado de los m\u00e1s grandes: Frodo, Van Lierde, Eneko, Ra\u00f1a, &#8230;.hasta 50 que completaban la famosa &#8220;start list pro&#8221;. Miquel no ten\u00eda ya bastante con estar ah\u00ed :<\/p>\n<p><em>&#8220;<strong>aunque una vez all\u00ed (en Kona) hay que aprovecharlo e ir a por todas, con la intenci\u00f3n de bajar de 8 h 40 min y entrar entre los<\/strong><\/em><strong>\u00a020 primeros<\/strong>&#8221; coment\u00f3&#8230;y el resultado ya todos los sabemos.<\/p>\n<p style=\"text-align: justify;\">El 2016 de Miquel va a ser sin duda interesante. \u00a0Viviremos un nuevo episodio de la relaci\u00f3n Kona-Miquel aunque el apodo de Rookie pasa ya a la historia, sigue siendo no obstante, el eterno ni\u00f1o, el noi de Sabadell, el flaco que corre raro&#8230;seguir\u00e1 peleando por sus sue\u00f1os.<\/p>\n<p style=\"text-align: justify;\"><strong>Pit i collons Miquel!<\/strong><\/p>\n","protected":false},"excerpt":{"rendered":"<p>Repasamos el 2015 de Miquel Blanchart, el a\u00f1o que el eterno ni\u00f1o vio realizado su sue\u00f1o de participar en el la meca del triatl\u00f3n, Ironman Kona.<\/p>\n","protected":false},"author":2,"featured_media":30962,"comment_status":"open","ping_status":"open","sticky":false,"template":"","format":"standard","meta":{"_acf_changed":false,"rank_math_lock_modified_date":false,"footnotes":""},"categories":[17,10],"tags":[4188,372,4189,191,4187,674,24],"class_list":{"0":"post-41565","1":"post","2":"type-post","3":"status-publish","4":"format-standard","5":"has-post-thumbnail","7":"category-actualidad","8":"category-entrevistas-triatlon","9":"tag-jordi-van-hedel","10":"tag-kona","11":"tag-miquel","12":"tag-miquel-blanchart","13":"tag-sabadell","14":"tag-triatleta","15":"tag-triatlon"},"acf":[],"_links":{"self":[{"href":"https:\/\/miurltemporal.com/main/triatletasenred.sport.es\/wp-json\/wp\/v2\/posts\/41565"}],"collection":[{"href":"https:\/\/miurltemporal.com/main/triatletasenred.sport.es\/wp-json\/wp\/v2\/posts"}],"about":[{"href":"https:\/\/miurltemporal.com/main/triatletasenred.sport.es\/wp-json\/wp\/v2\/types\/post"}],"author":[{"embeddable":true,"href":"https:\/\/miurltemporal.com/main/triatletasenred.sport.es\/wp-json\/wp\/v2\/users\/2"}],"replies":[{"embeddable":true,"href":"https:\/\/miurltemporal.com/main/triatletasenred.sport.es\/wp-json\/wp\/v2\/comments?post=41565"}],"version-history":[{"count":0,"href":"https:\/\/miurltemporal.com/main/triatletasenred.sport.es\/wp-json\/wp\/v2\/posts\/41565\/revisions"}],"wp:featuredmedia":[{"embeddable":true,"href":"https:\/\/miurltemporal.com/main/triatletasenred.sport.es\/wp-json\/wp\/v2\/media\/30962"}],"wp:attachment":[{"href":"https:\/\/miurltemporal.com/main/triatletasenred.sport.es\/wp-json\/wp\/v2\/media?parent=41565"}],"wp:term":[{"taxonomy":"category","embeddable":true,"href":"https:\/\/miurltemporal.com/main/triatletasenred.sport.es\/wp-json\/wp\/v2\/categories?post=41565"},{"taxonomy":"post_tag","embeddable":true,"href":"https:\/\/miurltemporal.com/main/triatletasenred.sport.es\/wp-json\/wp\/v2\/tags?post=41565"}],"curies":[{"name":"wp","href":"https:\/\/api.w.org\/{rel}","templated":true}]}}