{"id":41376,"date":"2016-01-07T13:17:41","date_gmt":"2016-01-07T11:17:41","guid":{"rendered":"http:\/\/triatletasenred.com\/?p=41376"},"modified":"2016-01-07T13:17:41","modified_gmt":"2016-01-07T11:17:41","slug":"calendario-catalan-de-cicloturismo","status":"publish","type":"post","link":"https:\/\/miurltemporal.com/main/triatletasenred.sport.es\/cicloturismo\/calendario-catalan-de-cicloturismo\/","title":{"rendered":"Desvelado el calendario catal\u00e1n de cicloturismo 2016"},"content":{"rendered":"<h3 class=\"p1\">Despu\u00e9s del avance del pre-calendario el pasado mes de septiembre, ya se ha anunciado el calendario de cicloturismo catal\u00e1n de la temporada 2016.\u00a0Cuatro circuitos coordinados desde la Federaci\u00f3 Catalana de Ciclisme y los diferentes clubes organizadores.<\/h3>\n<p class=\"p1\">Entre las novedades para este a\u00f1o, destacar la vuelta de la Marxa Cicloturista Terra de l&#8217;Aigua del 15 de mayo y la incorporaci\u00f3n de la Ari\u00e9geoise del 25 de junio, que ser\u00e1n puntuables para el Circuit de Llarga Dist\u00e0ncia y Ciclopirineus respectivamente.<\/p>\n<p class=\"p1\"><span class=\"s1\">La Challenge Catalana, el circuito m\u00e1s veterano, llega a la edici\u00f3n veintiseis con ocho marchas puntuables. Tambi\u00e9n se da continuidad al Circuit Donabike de Cicloturisme, que se celebrar\u00e1 por segundo a\u00f1o con nueve citas.<\/span><\/p>\n<p class=\"p1\"><span class=\"s1\">Adem\u00e1s de las marchas de los circuitos, tambi\u00e9n est\u00e1n previstos otros 42 eventos cicloturistas, entre los que destacan 19 brevets y, en especial, la Ciclomarat\u00f3 Barcelona-Perpiny\u00e0-Barcelona prevista para el \u00faltimo fin de semana del mes de mayo.<\/span><\/p>\n<p class=\"p1\"><span class=\"s1\">Ten\u00e9is disponible todo el calendario permanentemente en el<a href=\"http:\/\/www.cicloturismecat.wordpress.com\/calendari-cicloturisme-2016\" rel=\"nofollow noopener\" target=\"_blank\"> blog de la Comissi\u00f3 de Cicloturisme<\/a> <span class=\"Apple-converted-space\">\u00a0<\/span>y tambi\u00e9n <a href=\"http:\/\/www.ciclisme.cat.\" rel=\"nofollow noopener\" target=\"_blank\">en el calendario de la web de la FCC<\/a><\/span><\/p>\n<h6 class=\"p1\">Fuente :\u00a0<span class=\"s1\">Comissi\u00f3 de Cicloturisme, FCC<\/span><\/h6>\n","protected":false},"excerpt":{"rendered":"<p>Despu\u00e9s del avance del pre-calendario el pasado mes de septiembre, ya se ha anunciado el calendario de cicloturismo catal\u00e1n de la temporada 2016.\u00a0Cuatro circuitos coordinados desde la Federaci\u00f3 Catalana de Ciclisme y los diferentes clubes organizadores. Entre las novedades para este a\u00f1o, destacar la vuelta de la Marxa Cicloturista Terra de l&#8217;Aigua del 15 de [&hellip;]<\/p>\n","protected":false},"author":2,"featured_media":26570,"comment_status":"open","ping_status":"open","sticky":false,"template":"","format":"standard","meta":{"_acf_changed":false,"rank_math_lock_modified_date":false,"footnotes":""},"categories":[2833],"tags":[1990,111,24],"class_list":{"0":"post-41376","1":"post","2":"type-post","3":"status-publish","4":"format-standard","5":"has-post-thumbnail","7":"category-cicloturismo","8":"tag-catalunya","9":"tag-ciclismo","10":"tag-triatlon"},"acf":[],"_links":{"self":[{"href":"https:\/\/miurltemporal.com/main/triatletasenred.sport.es\/wp-json\/wp\/v2\/posts\/41376"}],"collection":[{"href":"https:\/\/miurltemporal.com/main/triatletasenred.sport.es\/wp-json\/wp\/v2\/posts"}],"about":[{"href":"https:\/\/miurltemporal.com/main/triatletasenred.sport.es\/wp-json\/wp\/v2\/types\/post"}],"author":[{"embeddable":true,"href":"https:\/\/miurltemporal.com/main/triatletasenred.sport.es\/wp-json\/wp\/v2\/users\/2"}],"replies":[{"embeddable":true,"href":"https:\/\/miurltemporal.com/main/triatletasenred.sport.es\/wp-json\/wp\/v2\/comments?post=41376"}],"version-history":[{"count":0,"href":"https:\/\/miurltemporal.com/main/triatletasenred.sport.es\/wp-json\/wp\/v2\/posts\/41376\/revisions"}],"wp:featuredmedia":[{"embeddable":true,"href":"https:\/\/miurltemporal.com/main/triatletasenred.sport.es\/wp-json\/wp\/v2\/media\/26570"}],"wp:attachment":[{"href":"https:\/\/miurltemporal.com/main/triatletasenred.sport.es\/wp-json\/wp\/v2\/media?parent=41376"}],"wp:term":[{"taxonomy":"category","embeddable":true,"href":"https:\/\/miurltemporal.com/main/triatletasenred.sport.es\/wp-json\/wp\/v2\/categories?post=41376"},{"taxonomy":"post_tag","embeddable":true,"href":"https:\/\/miurltemporal.com/main/triatletasenred.sport.es\/wp-json\/wp\/v2\/tags?post=41376"}],"curies":[{"name":"wp","href":"https:\/\/api.w.org\/{rel}","templated":true}]}}