{"id":41148,"date":"2016-01-10T17:55:58","date_gmt":"2016-01-10T15:55:58","guid":{"rendered":"http:\/\/triatletasenred.com\/?p=41148"},"modified":"2016-02-09T13:50:50","modified_gmt":"2016-02-09T11:50:50","slug":"emilio-martin-el-rey-del-duatlon","status":"publish","type":"post","link":"https:\/\/miurltemporal.com/main/triatletasenred.sport.es\/en-red\/emilio-martin-el-rey-del-duatlon\/","title":{"rendered":"Emilio Mart\u00edn, el rey del duatl\u00f3n"},"content":{"rendered":"<h4 style=\"text-align: justify;\">Ya ha empezado a preparar la temporada 2016, pero Emilio Mart\u00edn repasa con nosotros el a\u00f1o que cerr\u00f3 hace menos de dos semanas. Un a\u00f1o que le ha vuelto a situar como el mejor duatleta del mundo en corta distancia, y que le anima a seguir entrenando para volver a ser el mejor en 2016.\u00a0&#8220;<em>El a\u00f1o empez\u00f3 con muchas dudas, pero me met\u00ed de lleno y al final he cerrado mi mejor a\u00f1o<\/em>&#8220;.<\/h4>\n<p style=\"text-align: justify;\">El duatl\u00f3n sigue siendo el hermano peque\u00f1o del triatl\u00f3n. No obstante, en Espa\u00f1a sigue siendo cuna de grandes campeones. El \u00faltimo ejemplo es Emilio Mart\u00edn, doble campe\u00f3n mundial de la especialidad, que ha cerrado un 2015 brillante. Es consciente de la dificultad aunque a veces no tenga la repercusi\u00f3n que cree que su deporte merece.\u00a0&#8220;<em>El duatl\u00f3n ten\u00eda mayor repercusi\u00f3n antes que ahora. Ese es mi punto de vista, y eso que ahora hay m\u00e1s nivel y mejores resultados. El duatl\u00f3n debe recuperar su sitio<\/em>&#8221; afirma el andaluz, que reclama m\u00e1s apoyo federativo al deporte que le ha visto crecer.\u00a0&#8220;<em>Necesitamos un apoyo m\u00e1s importante por parte de la Federaci\u00f3n<\/em>&#8220;.<\/p>\n<p style=\"text-align: justify;\">&#8220;<em>Hemos sabido dar con la tecla para llegar en la mejor forma a las competiciones importantes<\/em>&#8221; afirma Mart\u00edn, que explica que se han juntado todos los elementos para triunfar: &#8220;<em>un buen entrenamiento serio por mi parte y un buen trabajo de planificaci\u00f3n de entrenos y de gesti\u00f3n de las emociones por parte de mi entrenador<\/em>&#8220;.<\/p>\n<p style=\"text-align: justify;\">Pero su temporada empez\u00f3 con cierta incertidumbre.\u00a0&#8220;<em>No sab\u00eda si iba a seguir entrenando al m\u00e1ximo nivel. De hecho, empec\u00e9 a preparar unas oposiciones para ser bombero. Las circunstancias fueron como fueron y al final me vi metido de lleno de nuevo en los entrenamientos<\/em>&#8220;. Adem\u00e1s de los titulos nacionales, continentales y mundiales, Emilio Mart\u00edn se marc\u00f3 el objetivo de ganar alguna prueba en el exigente Grand Prix franc\u00e9s.<\/p>\n<p style=\"text-align: justify;\">Y as\u00ed fue. Empez\u00f3 la temporada ganando en el Duatl\u00f3n de Gernika para posteriormente vencer en la primera prueba\u00a0que disput\u00f3 en Francia, el\u00a0Grand Prix Saint Omer celebrado en marzo. Al mes siguiente se jugaba dos t\u00edtulos muy importantes. Llegaba en buena forma y tras vencer en el Campeonato de Espa\u00f1a de Duatl\u00f3n, Emilio Mart\u00edn se proclam\u00f3 subcampe\u00f3n de Europa de Duatl\u00f3n. Iba consiguiendo objetivos.<\/p>\n<p style=\"text-align: justify;\">&#8220;<em>El Campeonato del Mundo era el mayor objetivo del a\u00f1o. No me obsesionaba ganar pero s\u00ed quer\u00eda volver a estar en el podio<\/em>&#8221; afirma Mart\u00edn, que destaca que &#8220;<em>toda la temporada te la juegas a un d\u00eda y tienes que estar bien de forma. En duatl\u00f3n no puedes fallar el d\u00eda D a la hora H<\/em>&#8220;. Y no fall\u00f3, proclam\u00e1ndose campe\u00f3n del mundo ITU de duatl\u00f3n en Adelaida (Australia) en el mes de octubre.<\/p>\n<p style=\"text-align: justify;\">&#8220;<em>Conseguir mantenerse en el podio mundial durante cuatro a\u00f1os consecutivos es algo muy complicado y dif\u00edcil. No deja de ser un campeonato del mundo.\u00a0Creo que se le ha dado bastante importancia a mi t\u00edtulo, pero a\u00fan se le ha dado m\u00e1s importancia al segundo y tercer puesto conseguido en a\u00f1os anteriores por lo dif\u00edcil que es<\/em>&#8221; explica Emilio Mart\u00edn, que suma as\u00ed cuatro a\u00f1os consecutivos en el podio del Campeonato del Mundo ITU de Duatl\u00f3n. Fue campe\u00f3n en Niza, subi\u00f3 al podio en Cali y Pontevedra, y volvi\u00f3 a coronarse campe\u00f3n en Adelaida.<\/p>\n<p style=\"text-align: justify;\">Antes del Mundial, Emilio venci\u00f3 en el Grand Prix Les Herbiers, disputado en septiembre. &#8220;<em>Ganar el Grand Prix en Francia era uno de los objetivos que ten\u00eda esta temporada. Es casi m\u00e1s dif\u00edcil ganar una prueba de estas que un Campeonato del Mundo<\/em>&#8221; afirma.<\/p>\n<p style=\"text-align: justify;\">&#8220;<em>Hemos cumplido los objetivos de 2015 y eso me da mucha motivaci\u00f3n para 2016. Tengo que intentar seguir unos a\u00f1os m\u00e1s. Mi objetivo es disfrutar del entrenamiento. Eso me ayuda a llegar bien en forma a la competici\u00f3n<\/em>&#8221; explica el duatleta andaluz, que a\u00f1ade que entre sus objetivos para 2016 est\u00e1 el competir en algunos duatlones de larga distancia. &#8220;<em>Gasolina m\u00ednimo tengo para varios a\u00f1os, aunque tambi\u00e9n depender\u00e1 de la situaci\u00f3n econ\u00f3mica. Me encantar\u00eda llegar a 2019, que es cuando se celebrar\u00e1 el Campeonato del Mundo de Duatl\u00f3n en Pontevedra<\/em>&#8220;. \u00a1Te esperamos ah\u00ed!<\/p>\n<p style=\"text-align: justify;\"><a href=\"https:\/\/miurltemporal.com/main/triatletasenred.sport.es\/wp-content\/uploads\/playitas-banner.jpg\"><img fetchpriority=\"high\" decoding=\"async\" class=\"aligncenter size-full wp-image-41480\" src=\"https:\/\/miurltemporal.com/main/triatletasenred.sport.es\/wp-content\/uploads\/playitas-banner.jpg\" alt=\"playitas banner\" width=\"250\" height=\"200\" \/><\/a><\/p>\n","protected":false},"excerpt":{"rendered":"<p>Ya ha empezado a preparar la temporada 2016, pero Emilio Mart\u00edn repasa con nosotros el a\u00f1o que cerr\u00f3 hace menos de dos semanas. Un a\u00f1o que le ha vuelto a situar como el mejor duatleta del mundo en corta distancia, y que le anima a seguir entrenando para volver a ser el mejor en 2016.\u00a0&#8220;El [&hellip;]<\/p>\n","protected":false},"author":12,"featured_media":39209,"comment_status":"open","ping_status":"open","sticky":false,"template":"","format":"standard","meta":{"_acf_changed":false,"rank_math_lock_modified_date":false,"footnotes":""},"categories":[17,16,2033,1191],"tags":[2514,572,4110,2562],"class_list":{"0":"post-41148","1":"post","2":"type-post","3":"status-publish","4":"format-standard","5":"has-post-thumbnail","7":"category-actualidad","8":"category-en-red","9":"category-sport","10":"category-triatlon","11":"tag-campeonato-del-mundo","12":"tag-duatlon","13":"tag-emilio","14":"tag-emilio-martin"},"acf":[],"_links":{"self":[{"href":"https:\/\/miurltemporal.com/main/triatletasenred.sport.es\/wp-json\/wp\/v2\/posts\/41148"}],"collection":[{"href":"https:\/\/miurltemporal.com/main/triatletasenred.sport.es\/wp-json\/wp\/v2\/posts"}],"about":[{"href":"https:\/\/miurltemporal.com/main/triatletasenred.sport.es\/wp-json\/wp\/v2\/types\/post"}],"author":[{"embeddable":true,"href":"https:\/\/miurltemporal.com/main/triatletasenred.sport.es\/wp-json\/wp\/v2\/users\/12"}],"replies":[{"embeddable":true,"href":"https:\/\/miurltemporal.com/main/triatletasenred.sport.es\/wp-json\/wp\/v2\/comments?post=41148"}],"version-history":[{"count":0,"href":"https:\/\/miurltemporal.com/main/triatletasenred.sport.es\/wp-json\/wp\/v2\/posts\/41148\/revisions"}],"wp:featuredmedia":[{"embeddable":true,"href":"https:\/\/miurltemporal.com/main/triatletasenred.sport.es\/wp-json\/wp\/v2\/media\/39209"}],"wp:attachment":[{"href":"https:\/\/miurltemporal.com/main/triatletasenred.sport.es\/wp-json\/wp\/v2\/media?parent=41148"}],"wp:term":[{"taxonomy":"category","embeddable":true,"href":"https:\/\/miurltemporal.com/main/triatletasenred.sport.es\/wp-json\/wp\/v2\/categories?post=41148"},{"taxonomy":"post_tag","embeddable":true,"href":"https:\/\/miurltemporal.com/main/triatletasenred.sport.es\/wp-json\/wp\/v2\/tags?post=41148"}],"curies":[{"name":"wp","href":"https:\/\/api.w.org\/{rel}","templated":true}]}}