{"id":41114,"date":"2015-12-29T09:49:56","date_gmt":"2015-12-29T07:49:56","guid":{"rendered":"http:\/\/triatletasenred.com\/?p=41114"},"modified":"2015-12-29T11:44:19","modified_gmt":"2015-12-29T09:44:19","slug":"ventajas-del-bikefit","status":"publish","type":"post","link":"https:\/\/miurltemporal.com/main/triatletasenred.sport.es\/en-red\/ventajas-del-bikefit\/","title":{"rendered":"\u00bfConoces las ventajas del bikefit?"},"content":{"rendered":"<h2 class=\"p1\" style=\"text-align: justify;\">Son muchos los triatletas y ciclistas que saben qu\u00e9 es un &#8220;bikefit&#8221; e incluso ya han pasado por un estudio biomec\u00e1nico para conocer y mejorar su interacci\u00f3n con la bicicleta.<\/h2>\n<p class=\"p1\" style=\"text-align: justify;\">Victor Calsamiglia, CEO de <a href=\"http:\/\/cyclistlab.com\" rel=\"nofollow noopener\" target=\"_blank\">Cyclist Lab<\/a>, nos explica cuales son los par\u00e1metros que se tienen en cuenta al personalizar los ajustes.<\/p>\n<p class=\"p1\" style=\"text-align: justify;\"><span class=\"s1\">Un &#8220;bikefit&#8221; personaliza las angulaciones entre segmentos (cinem\u00e1tica) atendiendo a las caracter\u00edsticas y necesidades del ciclista. Las angulaciones cinem\u00e1ticas y la disposicion del ciclista respecto de la bicicleta as\u00ed como la solidez de los puntos de contacto, tendr\u00e1n una influencia capital en la posibilidad de que la direcci\u00f3n de las fuerzas al pedalear sea optima. Por lo tanto condicionaran en cierta manera la Biomec\u00e1nica.<\/span><\/p>\n<p class=\"p1\" style=\"text-align: justify;\"><span class=\"s1\"><img decoding=\"async\" class=\"alignleft\" src=\"http:\/\/2.bp.blogspot.com\/-NL9GE_EzwX0\/URj5em8pd5I\/AAAAAAAABUI\/LcGMStoEvVg\/s1600\/IMG_8751.jpg\" alt=\"\" width=\"177\" height=\"265\" \/>Las articulaciones se mueven a traves de la contracci\u00f3n muscular. De esta manera, modulando las angulaciones entre los segmentos variamos el grado de acortamiento muscular generando movimiento en cada eje. Este &#8220;nuevo&#8217; trabajo reclamara una adaptaci\u00f3n fisiol\u00f3gica (entrenamiento) para aumentar la tolerancia al nuevo estimulo.<\/span><\/p>\n<p class=\"p1\" style=\"text-align: justify;\"><span class=\"s1\">Si al ajuste cinem\u00e1tico (angulaciones), a\u00f1adimos variaciones en los puntos de contacto (interface pelvis-sillin, o pie-pedal) y promovemos asi un gesto &#8220;nuevo&#8221; bajo control del sistema nervioso en busca de la asociaci\u00f3n correcta de palancas, estaremos estableciendo probablemente un nuevo &#8220;patr\u00f3n motor&#8221;.<\/span><\/p>\n<p class=\"p1\" style=\"text-align: justify;\"><span class=\"s1\">Al ajustar las medidas de la bicicleta de forma personalizada buscamos el grado de contracci\u00f3n y acortamiento muscular apropiado (tension muscular) alrededor de cada eje para que el ciclista pueda mantener la estabilidad y control articulares y mejorar asi su eficiencia. Estabilidad entendida como capacidad para negociar con imputs de carga internos y externos. <\/span><\/p>\n<p class=\"p1\" style=\"text-align: justify;\"><span class=\"s1\"><img fetchpriority=\"high\" decoding=\"async\" class=\"alignright\" src=\"https:\/\/miurltemporal.com/main/triatletasenred.sport.es\/wp-content\/uploads\/Wutti-21.jpg\" alt=\"\" width=\"284\" height=\"190\" \/>Especialmente<span class=\"Apple-converted-space\">\u00a0<\/span>determinante resulta la actividad alrededor de la musculatura extensora de columna. Algunos estudios de referencia determinan que la posici\u00f3n del tronco puede tener una incidencia muy relevante en la capacidad y eficiencia mec\u00e1nica de todo el sistema; el torque generado por la cabeza alrededor de la pelvis debe de ser sostenido por la musculatura extensora de la columna en acortamiento. Este aspecto vinculara estrechamente la solucion biomecanica global al centro de masas y su alineaci\u00f3n respecto de la bicicleta. La musculatura extensora de columna no participa activamente del gesto de extensi\u00f3n de cadera o rodilla, pero si influye de forma determinante en la eficiencia y la fuerza efectiva transmitida por el ciclista. <\/span><\/p>\n<p class=\"p1\" style=\"text-align: justify;\"><span class=\"s1\">Si establecemos configuraciones nuevas en el acortamiento muscular alrededor de cualquier eje articular,<span class=\"Apple-converted-space\">\u00a0 <\/span>estaremos incidiendo en cierta manera en la Biomec\u00e1nica. Cualquier adaptacion biomecanica reclamara una correcta adaptaci\u00f3n fisiol\u00f3gica.<\/span><\/p>\n<p class=\"p1\" style=\"text-align: justify;\"><span class=\"s1\">Tiempo de adaptaci\u00f3n al nuevo est\u00edmulo. \u00bfCuando realizar\u00edas un bikefit?<\/span><\/p>\n<p class=\"p1\" style=\"text-align: justify;\"><img decoding=\"async\" class=\"aligncenter\" src=\"https:\/\/miurltemporal.com/main/triatletasenred.sport.es\/wp-content\/uploads\/images.jpg\" alt=\"\" width=\"462\" height=\"109\" \/><\/p>\n","protected":false},"excerpt":{"rendered":"<p>Victor Calsamiglia, CEO de Cyclist Lab nos explica un poco mejor cu\u00e1les son\u00a0las\u00a0ventajas de un Bikefit y en que consiste este estudio.<\/p>\n","protected":false},"author":2,"featured_media":39749,"comment_status":"open","ping_status":"open","sticky":false,"template":"","format":"standard","meta":{"_acf_changed":false,"rank_math_lock_modified_date":false,"footnotes":""},"categories":[2833,16],"tags":[3423,126,590,24],"class_list":{"0":"post-41114","1":"post","2":"type-post","3":"status-publish","4":"format-standard","5":"has-post-thumbnail","7":"category-cicloturismo","8":"category-en-red","9":"tag-bikefit","10":"tag-biomecanica","11":"tag-cyclistlab","12":"tag-triatlon"},"acf":[],"_links":{"self":[{"href":"https:\/\/miurltemporal.com/main/triatletasenred.sport.es\/wp-json\/wp\/v2\/posts\/41114"}],"collection":[{"href":"https:\/\/miurltemporal.com/main/triatletasenred.sport.es\/wp-json\/wp\/v2\/posts"}],"about":[{"href":"https:\/\/miurltemporal.com/main/triatletasenred.sport.es\/wp-json\/wp\/v2\/types\/post"}],"author":[{"embeddable":true,"href":"https:\/\/miurltemporal.com/main/triatletasenred.sport.es\/wp-json\/wp\/v2\/users\/2"}],"replies":[{"embeddable":true,"href":"https:\/\/miurltemporal.com/main/triatletasenred.sport.es\/wp-json\/wp\/v2\/comments?post=41114"}],"version-history":[{"count":0,"href":"https:\/\/miurltemporal.com/main/triatletasenred.sport.es\/wp-json\/wp\/v2\/posts\/41114\/revisions"}],"wp:featuredmedia":[{"embeddable":true,"href":"https:\/\/miurltemporal.com/main/triatletasenred.sport.es\/wp-json\/wp\/v2\/media\/39749"}],"wp:attachment":[{"href":"https:\/\/miurltemporal.com/main/triatletasenred.sport.es\/wp-json\/wp\/v2\/media?parent=41114"}],"wp:term":[{"taxonomy":"category","embeddable":true,"href":"https:\/\/miurltemporal.com/main/triatletasenred.sport.es\/wp-json\/wp\/v2\/categories?post=41114"},{"taxonomy":"post_tag","embeddable":true,"href":"https:\/\/miurltemporal.com/main/triatletasenred.sport.es\/wp-json\/wp\/v2\/tags?post=41114"}],"curies":[{"name":"wp","href":"https:\/\/api.w.org\/{rel}","templated":true}]}}