{"id":41082,"date":"2015-12-27T03:08:55","date_gmt":"2015-12-27T01:08:55","guid":{"rendered":"http:\/\/triatletasenred.com\/?p=41082"},"modified":"2015-12-27T03:08:55","modified_gmt":"2015-12-27T01:08:55","slug":"anna-godoy-cimentando-el-camino","status":"publish","type":"post","link":"https:\/\/miurltemporal.com/main/triatletasenred.sport.es\/en-red\/anna-godoy-cimentando-el-camino\/","title":{"rendered":"Anna Godoy, cimentando el camino"},"content":{"rendered":"<p style=\"text-align: justify;\">La peque\u00f1a de los Godoy sigue con su plan de ir mejorando a\u00f1o tras a\u00f1o para llegar a ser una de las triatletas de referencia a nivel nacional y, porqu\u00e9 no, internacional. El 2015 ha sido un buen a\u00f1o para Anna, que aspira a seguir creciendo, primero, para poder afianzarse despu\u00e9s, como una de las grandes de nuestro triatl\u00f3n.<\/p>\n<p style=\"text-align: justify;\">El triatl\u00f3n corre por las venas de la familia Godoy. Paco, padre de Anna y Francesc fue uno de los pioneros del triatl\u00f3n en Espa\u00f1a. Francesc, el hermano mayor de Anna, es un destacado triatleta internacional que persigue el sue\u00f1o ol\u00edmpico. Con tal ambiente en casa, Anna no pod\u00eda ser menos.<\/p>\n<p style=\"text-align: justify;\">Si 2014 no fue un buen a\u00f1o para Anna, podr\u00edamos decir que 2015 ha servido principalmente para trazar un camino que ya no tiene vuelta atr\u00e1s.\u00a0Las lesiones han quedado secundadas y Anna ha podido gozar de aquella continuidad necesaria de entrenamientos y competiciones que anhelan los atletas de resistencia para progresar y sentirse competitivos.<\/p>\n<p style=\"text-align: justify;\">Anna ha disputado alrededor de 20 carreras a lo largo de la temporada a nivel auton\u00f3mico, nacional e internacional, siendo protagonista en buena parte de ellas. \u201c<em>Valoro la temporada positivamente. Ven\u00eda de una mala temporada por culpa de una lesi\u00f3n, y esta temporada ten\u00eda ganas de hacerlo mejor y me ha servido para poder competir casi todo lo que me he propuesto y lo valoro mucho. He mejorado en el ranking internacional y estoy contenta por ello<\/em>\u201d.<\/p>\n<p style=\"text-align: justify;\">Como todo temporada hay que saber lidiar con los momentos menos buenos o dif\u00edciles para poder disfrutar el doble, si cabe, de los momentos dulces. Anna Ha obtenido varios resultados muy prometedores como la segunda posici\u00f3n en el campeonato de Espa\u00f1a de triatl\u00f3n Ol\u00edmpico o sobre todo, la segunda posici\u00f3n en Melilla, que era Copa de Europa.\u00a0\u201c<em>Uno de los mejores momentos fue mi primer podio en una Copa de Europa.\u00a0 En ese momento me not\u00e9 que pod\u00eda luchar por las primeras posiciones \u00a0y termin\u00e9 segunda, fue un momento muy especial que siempre guardar\u00e9 en mi memoria.<\/em>\u201d<\/p>\n<p style=\"text-align: justify;\">Como dec\u00eda, de los momentos duros uno aprende y se fortalece. Larache fue un momento duro para Anna y otros espa\u00f1oles que viajaron a Marruecos con la intenci\u00f3n de sumar buenos puntos antes de cerrar la temporada.\u00a0\u201c<em>En la Copa de \u00c1frica de Larache viv\u00ed quiz\u00e1s el peor momento de la temporada, era la \u00faltima competici\u00f3n del a\u00f1o y llegaba motivada y con ganas de hacerlo bien. Me ve\u00eda con opciones de subir al podio, pero por culpa de unos problemas mec\u00e1nicos no sali\u00f3 la carrera que esperaba. No en vano, consegu\u00ed remontar y con eso me quedo<\/em>\u201d.<\/p>\n<p style=\"text-align: justify;\">El recorrido que Anna Godoy tiene en el triatl\u00f3n es largo. Parece una veterana (empez\u00f3 muy joven y ha vivido triatl\u00f3n en estado puro desde su infancia) pero no hay que olvidar que a\u00fan est\u00e1 en categor\u00eda sub23. \u00a0Sigue en proceso de aprendizaje y ella es muy consciente de ello. Con constancia y trabajo, dos grandes rasgos de Anna, no nos cabe la menor duda que su progresi\u00f3n como triatleta no ha hecho m\u00e1s que empezar.<\/p>\n<p style=\"text-align: justify;\">\u201c<em>El plan principal es seguir aumentando mi rendimiento, intentar ser mejor en las tres disciplinas y conseguir ser m\u00e1s competitiva a nivel internacional.\u00a0 Es a\u00f1o ol\u00edmpico e ir a las competiciones internacionales va a estar muy caro, pero luchar\u00e9 para poder hacerme un hueco en todas las que pueda<\/em>\u201d.<\/p>\n<p style=\"text-align: justify;\">Mientras que el camino triatl\u00e9tico de Anna Godoy avanza y goza de buena salud, ha decidido compaginar su carrera deportiva con los estudios. Sin prisas pero sin pausas, la catalana tiene muy claro como afrontar el futuro post competitivo aunque, es consciente que compaginar deporte de alto rendimiento y estudios no es una tarea f\u00e1cil.\u00a0\u201c<em>Quiz\u00e1s es algo m\u00e1s dif\u00edcil, pero con organizaci\u00f3n y ganas se puede llevar.\u00a0 Ser\u00eda mucho mejor tener todo el d\u00eda para entrenar y descansar, pero como siempre digo, el triatl\u00f3n no es futbol. Poder vivir toda la vida de tu carrera deportiva est\u00e1 al alcance de muy pocos, as\u00ed que prefiero estudiar y tener un futuro que no solo sea deporte<\/em>\u201d.<\/p>\n<p style=\"text-align: justify;\">Anna ya ha puesto sus bases para que 2016 sea, cuanto menos, igual de bueno&#8230; Ojala volvamos a vernos dentro de un a\u00f1o repasando un palmar\u00e9s\u00a0 a\u00fan mayor. \u00a1Mucha suerte!<\/p>\n","protected":false},"excerpt":{"rendered":"<p>La peque\u00f1a de los Godoy sigue con su plan de ir mejorando a\u00f1o tras a\u00f1o para llegar a ser una de las triatletas de referencia a nivel nacional y, porqu\u00e9 no, internacional. El 2015 ha sido un buen a\u00f1o para Anna, que aspira a seguir creciendo, primero, para poder afianzarse despu\u00e9s, como una de las [&hellip;]<\/p>\n","protected":false},"author":259,"featured_media":41083,"comment_status":"open","ping_status":"open","sticky":false,"template":"","format":"standard","meta":{"_acf_changed":false,"rank_math_lock_modified_date":false,"footnotes":""},"categories":[17,16,1191],"tags":[299,1427,1160,923,24,242],"class_list":{"0":"post-41082","1":"post","2":"type-post","3":"status-publish","4":"format-standard","5":"has-post-thumbnail","7":"category-actualidad","8":"category-en-red","9":"category-triatlon","10":"tag-anna-godoy","11":"tag-corta-distancia","12":"tag-godoy","13":"tag-triathlon","14":"tag-triatlon","15":"tag-where-is-the-limit"},"acf":[],"_links":{"self":[{"href":"https:\/\/miurltemporal.com/main/triatletasenred.sport.es\/wp-json\/wp\/v2\/posts\/41082"}],"collection":[{"href":"https:\/\/miurltemporal.com/main/triatletasenred.sport.es\/wp-json\/wp\/v2\/posts"}],"about":[{"href":"https:\/\/miurltemporal.com/main/triatletasenred.sport.es\/wp-json\/wp\/v2\/types\/post"}],"author":[{"embeddable":true,"href":"https:\/\/miurltemporal.com/main/triatletasenred.sport.es\/wp-json\/wp\/v2\/users\/259"}],"replies":[{"embeddable":true,"href":"https:\/\/miurltemporal.com/main/triatletasenred.sport.es\/wp-json\/wp\/v2\/comments?post=41082"}],"version-history":[{"count":0,"href":"https:\/\/miurltemporal.com/main/triatletasenred.sport.es\/wp-json\/wp\/v2\/posts\/41082\/revisions"}],"wp:featuredmedia":[{"embeddable":true,"href":"https:\/\/miurltemporal.com/main/triatletasenred.sport.es\/wp-json\/wp\/v2\/media\/41083"}],"wp:attachment":[{"href":"https:\/\/miurltemporal.com/main/triatletasenred.sport.es\/wp-json\/wp\/v2\/media?parent=41082"}],"wp:term":[{"taxonomy":"category","embeddable":true,"href":"https:\/\/miurltemporal.com/main/triatletasenred.sport.es\/wp-json\/wp\/v2\/categories?post=41082"},{"taxonomy":"post_tag","embeddable":true,"href":"https:\/\/miurltemporal.com/main/triatletasenred.sport.es\/wp-json\/wp\/v2\/tags?post=41082"}],"curies":[{"name":"wp","href":"https:\/\/api.w.org\/{rel}","templated":true}]}}