{"id":40901,"date":"2015-12-20T09:36:12","date_gmt":"2015-12-20T07:36:12","guid":{"rendered":"http:\/\/triatletasenred.com\/?p=40901"},"modified":"2015-12-20T09:36:12","modified_gmt":"2015-12-20T07:36:12","slug":"nan-oliveras-de-entrenos-con-jan-frodeno","status":"publish","type":"post","link":"https:\/\/miurltemporal.com/main/triatletasenred.sport.es\/en-red\/nan-oliveras-de-entrenos-con-jan-frodeno\/","title":{"rendered":"Nan Oliveras, de entrenos con Jan Frodeno"},"content":{"rendered":"<p style=\"text-align: justify;\">El triatleta catal\u00e1n Nan Oliveras ya prepara la temporada 2016 desde hace algunas semanas. Y lo est\u00e1 haciendo en compa\u00f1\u00eda de uno de los nombres propios del triatl\u00f3n mundial: Jan Frodeno. La proximidad geografica de las residencias de ambos triatletas ha posibilitado de que los dos compartan sesiones de entrenamiento en la zona de Girona y Olot. Nan Oliveras, que ya ha confesado que en 2016 competir\u00e1 en todas las Series Mundiales en las que entre por ranking, ha compaginado entrenamientos de ciclismo y nataci\u00f3n con el alem\u00e1n, actual campe\u00f3n del mundo Ironman y residente en Girona desde hace un par de temporadas.<\/p>\n<p style=\"text-align: justify;\"><em>&#8220;Jan ya lleva un a\u00f1o en Girona y est\u00e1 enamorado de la ciudad. Aqu\u00ed hay muy buenos ciclistas profesionales, lo que siempre ayuda salir en grupo para mejorar<\/em>&#8221; explica Oliveras a Triatletas en Red.<\/p>\n<p style=\"text-align: justify;\"><em>&#8220;Yo este a\u00f1o he empezado a entrenar en el Centre Cenit de Girona. Creo que me va a ayudar mucho a mejorar, especialmente para controlar peque\u00f1os detalles que me faltaron la temporada pasada. Aqu\u00ed tengo un gran apoyo m\u00e9dico y f\u00edsico adem\u00e1s de todas las facilidades para entrenar<\/em>&#8221; afirma el joven catal\u00e1n, que entrenar\u00e1 la nataci\u00f3n de la mano de Brenton Cabello, nadador ol\u00edmpico. <em>&#8220;Espero dar un salto de calidad en la nataci\u00f3n, mi punto d\u00e9bil. El objetivo es poder enganchar con el primer grupo de bicicleta en las Series Mundiales&#8221;<\/em>.<\/p>\n<p style=\"text-align: justify;\">Oliveras ya suma dos semanas entrenando y afrima que han introducido novedades. &#8220;<em>Tambi\u00e9n he podido compartir entrenamientos con Jan (Frodeno) ya que \u00e9l vive en Girona. Es un s\u00faper crack, muy cercano y muy bromista, intento aprender mucho de \u00e9l&#8221;<\/em>.<\/p>\n","protected":false},"excerpt":{"rendered":"<p>El triatleta catal\u00e1n Nan Oliveras ya prepara la temporada 2016 desde hace algunas semanas. Y lo est\u00e1 haciendo en compa\u00f1\u00eda de uno de los nombres propios del triatl\u00f3n mundial: Jan Frodeno. La proximidad geografica de las residencias de ambos triatletas ha posibilitado de que los dos compartan sesiones de entrenamiento en la zona de Girona [&hellip;]<\/p>\n","protected":false},"author":12,"featured_media":40902,"comment_status":"open","ping_status":"open","sticky":false,"template":"","format":"standard","meta":{"_acf_changed":false,"rank_math_lock_modified_date":false,"footnotes":""},"categories":[17,16,1191],"tags":[111,3908,3758,1936,408,1285],"class_list":{"0":"post-40901","1":"post","2":"type-post","3":"status-publish","4":"format-standard","5":"has-post-thumbnail","7":"category-actualidad","8":"category-en-red","9":"category-triatlon","10":"tag-ciclismo","11":"tag-gerona","12":"tag-girona","13":"tag-jan-frodeno","14":"tag-nan-oliveras","15":"tag-pretemporada"},"acf":[],"_links":{"self":[{"href":"https:\/\/miurltemporal.com/main/triatletasenred.sport.es\/wp-json\/wp\/v2\/posts\/40901"}],"collection":[{"href":"https:\/\/miurltemporal.com/main/triatletasenred.sport.es\/wp-json\/wp\/v2\/posts"}],"about":[{"href":"https:\/\/miurltemporal.com/main/triatletasenred.sport.es\/wp-json\/wp\/v2\/types\/post"}],"author":[{"embeddable":true,"href":"https:\/\/miurltemporal.com/main/triatletasenred.sport.es\/wp-json\/wp\/v2\/users\/12"}],"replies":[{"embeddable":true,"href":"https:\/\/miurltemporal.com/main/triatletasenred.sport.es\/wp-json\/wp\/v2\/comments?post=40901"}],"version-history":[{"count":0,"href":"https:\/\/miurltemporal.com/main/triatletasenred.sport.es\/wp-json\/wp\/v2\/posts\/40901\/revisions"}],"wp:featuredmedia":[{"embeddable":true,"href":"https:\/\/miurltemporal.com/main/triatletasenred.sport.es\/wp-json\/wp\/v2\/media\/40902"}],"wp:attachment":[{"href":"https:\/\/miurltemporal.com/main/triatletasenred.sport.es\/wp-json\/wp\/v2\/media?parent=40901"}],"wp:term":[{"taxonomy":"category","embeddable":true,"href":"https:\/\/miurltemporal.com/main/triatletasenred.sport.es\/wp-json\/wp\/v2\/categories?post=40901"},{"taxonomy":"post_tag","embeddable":true,"href":"https:\/\/miurltemporal.com/main/triatletasenred.sport.es\/wp-json\/wp\/v2\/tags?post=40901"}],"curies":[{"name":"wp","href":"https:\/\/api.w.org\/{rel}","templated":true}]}}