{"id":40595,"date":"2015-12-10T01:36:12","date_gmt":"2015-12-09T23:36:12","guid":{"rendered":"http:\/\/triatletasenred.com\/?p=40595"},"modified":"2016-02-29T13:52:50","modified_gmt":"2016-02-29T11:52:50","slug":"a-pulso-se-va-de-gira-por-galicia","status":"publish","type":"post","link":"https:\/\/miurltemporal.com/main/triatletasenred.sport.es\/en-red\/a-pulso-se-va-de-gira-por-galicia\/","title":{"rendered":"&#8216;A Pulso&#8217; se va de gira por Galicia"},"content":{"rendered":"<h2 style=\"text-align: justify;\">A dos\u00a0d\u00edas para que se cumpla un mes desde <a href=\"https:\/\/miurltemporal.com/main/triatletasenred.sport.es\/en-red\/a-pulso-la-historia-de-javier-gomez-noya\/\">el lanzamiento<\/a> de <a href=\"https:\/\/miurltemporal.com/main/triatletasenred.sport.es\/en-red\/a-pulso-la-historia-de-javier-gomez-noya\/\" target=\"_blank\">&#8216;<\/a>A Pulso<a href=\"https:\/\/miurltemporal.com/main/triatletasenred.sport.es\/en-red\/a-pulso-la-historia-de-javier-gomez-noya\/\" target=\"_blank\">&#8216;<\/a>, la historia de superaci\u00f3n de Javier G\u00f3mez Noya&#8217;, el libro ya ha sido todo un \u00e9xito de ventas.<\/h2>\n<p style=\"text-align: justify;\">Tanto los autores, <strong>Paulo Alonso Lois y Ant\u00f3n Bruquetas<\/strong>, como la editorial y el propio Javi se han mostrado muy contentos por la acogida del libro y este jueves empiezan una &#8216;gira&#8217; para presentar A Pulso\u00a0en Galicia, territorio natal del cinco veces campe\u00f3n del mundo.<\/p>\n<p style=\"text-align: justify;\">La primera parada de la gira de <strong>A Pulso<\/strong> ser\u00e1 este jueves 10 de diciembre en <a href=\"http:\/\/hoxe.vigo.org\/\" rel=\"nofollow noopener\" target=\"_blank\">Vigo<\/a>. El libro se presentar\u00e1 en la Fundaci\u00f3n Barri\u00e9 a las 20 horas. La segunda presentaci\u00f3n ser\u00e1 en el <a href=\"http:\/\/www.udc.es\/sobreUDC\/localizacion\/ferrol\/esteiro\/index.html?language=es\" rel=\"nofollow noopener\" target=\"_blank\">Campus Esteiro de Ferrol<\/a> el viernes 11 de diciembre, tambi\u00e9n a las 20 horas. Por \u00faltimo, el domingo 13 de diciembre el libro A Pulso se presentar\u00e1 en El <a href=\"https:\/\/www.elcorteingles.es\/centroscomerciales\/es\/eci\/centros\/centro-comercial-marineda-city\" rel=\"nofollow noopener\" target=\"_blank\">Corte Ingl\u00e9s Marineda<\/a> de <strong>A Coru\u00f1a<\/strong>. En las tres presentaciones estar\u00e1n presentes el triatleta <strong>Javi G\u00f3mez Noya<\/strong> as\u00ed como los dos autores, los periodistas <strong>Paulo Alonso Lois y Ant\u00f3n Bruquetas.<\/strong><\/p>\n<p style=\"text-align: justify;\"><a class=\"vc_btn vc_btn-default vc_btn-sm vc_btn_square \" href=\"https:\/\/miurltemporal.com/main/triatletasenred.sport.es\/en-red\/a-pulso-la-historia-de-javier-gomez-noya\/\">A Pulso, la historia de superaci\u00f3n de Javier G\u00f3nez Noya<\/a><\/p>\n","protected":false},"excerpt":{"rendered":"<p>El libro est\u00e1 a punto de agotar su segunda edici\u00f3n. A pulso, el libro que narra la emotiva historia de Javier G\u00f3mez Noya empieza su gira por Galicia.<\/p>\n","protected":false},"author":12,"featured_media":40603,"comment_status":"open","ping_status":"open","sticky":false,"template":"","format":"standard","meta":{"_acf_changed":false,"rank_math_lock_modified_date":false,"footnotes":""},"categories":[17,16,2033],"tags":[3858,3791,819,4006],"class_list":{"0":"post-40595","1":"post","2":"type-post","3":"status-publish","4":"format-standard","5":"has-post-thumbnail","7":"category-actualidad","8":"category-en-red","9":"category-sport","10":"tag-a-pulso","11":"tag-anton-bruquetas","12":"tag-javier-gomez-noya","13":"tag-paulo-alonso-lois"},"acf":[],"_links":{"self":[{"href":"https:\/\/miurltemporal.com/main/triatletasenred.sport.es\/wp-json\/wp\/v2\/posts\/40595"}],"collection":[{"href":"https:\/\/miurltemporal.com/main/triatletasenred.sport.es\/wp-json\/wp\/v2\/posts"}],"about":[{"href":"https:\/\/miurltemporal.com/main/triatletasenred.sport.es\/wp-json\/wp\/v2\/types\/post"}],"author":[{"embeddable":true,"href":"https:\/\/miurltemporal.com/main/triatletasenred.sport.es\/wp-json\/wp\/v2\/users\/12"}],"replies":[{"embeddable":true,"href":"https:\/\/miurltemporal.com/main/triatletasenred.sport.es\/wp-json\/wp\/v2\/comments?post=40595"}],"version-history":[{"count":0,"href":"https:\/\/miurltemporal.com/main/triatletasenred.sport.es\/wp-json\/wp\/v2\/posts\/40595\/revisions"}],"wp:featuredmedia":[{"embeddable":true,"href":"https:\/\/miurltemporal.com/main/triatletasenred.sport.es\/wp-json\/wp\/v2\/media\/40603"}],"wp:attachment":[{"href":"https:\/\/miurltemporal.com/main/triatletasenred.sport.es\/wp-json\/wp\/v2\/media?parent=40595"}],"wp:term":[{"taxonomy":"category","embeddable":true,"href":"https:\/\/miurltemporal.com/main/triatletasenred.sport.es\/wp-json\/wp\/v2\/categories?post=40595"},{"taxonomy":"post_tag","embeddable":true,"href":"https:\/\/miurltemporal.com/main/triatletasenred.sport.es\/wp-json\/wp\/v2\/tags?post=40595"}],"curies":[{"name":"wp","href":"https:\/\/api.w.org\/{rel}","templated":true}]}}