{"id":40389,"date":"2015-12-02T00:50:06","date_gmt":"2015-12-01T22:50:06","guid":{"rendered":"http:\/\/triatletasenred.com\/?p=40389"},"modified":"2015-12-02T01:51:44","modified_gmt":"2015-12-01T23:51:44","slug":"podio-en-kona-2015","status":"publish","type":"post","link":"https:\/\/miurltemporal.com/main/triatletasenred.sport.es\/en-red\/podio-en-kona-2015\/","title":{"rendered":"Estas fueron las bicis del podio en Kona 2015. \u00a1Espectaculares!"},"content":{"rendered":"<p>El Ironman de Kona da mucho que hablar y son muchos los art\u00edculos que se publican al respecto y m\u00e1s a\u00fan los curiosos que nos fijamos en los materiales que utilizan los llamados pro&#8217;s en la meca del triatl\u00f3n. Hoy vemos cu\u00e1les son las bicis que han subido al podio en 2015 en esta selecci\u00f3n de videos que hemos encontrado en la red. \u00a1Disfruta si puedes!<\/p>\n<h3 class=\"slideHed\">Canyon Speedmax CF SLX &#8211; JAN FRODENO<\/h3>\n<p><iframe src=\"https:\/\/www.youtube.com\/embed\/SBn0KcueawQ\" width=\"560\" height=\"315\" frameborder=\"0\" allowfullscreen=\"allowfullscreen\"><\/iframe><\/p>\n<h3 class=\"slideHed\">Felt IA &#8211; DANIEL A RYF<\/h3>\n<p><iframe src=\"https:\/\/www.youtube.com\/embed\/v2h7GUs6ebA\" width=\"560\" height=\"315\" frameborder=\"0\" allowfullscreen=\"allowfullscreen\"><\/iframe><\/p>\n<h3 class=\"slideHed\">Cube Aerium C-62 &#8211; ANDREAS RAELERT<\/h3>\n<p><iframe src=\"https:\/\/www.youtube.com\/embed\/ThxRLxjCedo\" width=\"560\" height=\"315\" frameborder=\"0\" allowfullscreen=\"allowfullscreen\"><\/iframe><\/p>\n<h3>Cerv\u00e9lo P5 &#8211; RACHEL JOYCE<\/h3>\n<p><iframe src=\"https:\/\/www.youtube.com\/embed\/--JgdCRwiBc\" width=\"560\" height=\"315\" frameborder=\"0\" allowfullscreen=\"allowfullscreen\"><\/iframe><\/p>\n<h3>Trek Speed Concept 9.9 &#8211; \u00a0TIM O&#8217;DONELL<\/h3>\n<p><iframe src=\"https:\/\/www.youtube.com\/embed\/ol7JCuYHP_4\" width=\"560\" height=\"315\" frameborder=\"0\" allowfullscreen=\"allowfullscreen\"><\/iframe><\/p>\n<h3>Bmc TM01 &#8211; LIZ BLATCHFORD<\/h3>\n<h3><iframe src=\"https:\/\/www.youtube.com\/embed\/eUpuDz-0Bts\" width=\"560\" height=\"315\" frameborder=\"0\" allowfullscreen=\"allowfullscreen\"><\/iframe><\/h3>\n","protected":false},"excerpt":{"rendered":"<p>El Ironman de Kona da mucho que hablar y son muchos los art\u00edculos que se publican al respecto y m\u00e1s a\u00fan los curiosos que nos fijamos en los materiales que utilizan los llamados pro&#8217;s en la meca del triatl\u00f3n. Hoy vemos cu\u00e1les son las bicis que han subido al podio en 2015 en esta selecci\u00f3n [&hellip;]<\/p>\n","protected":false},"author":2,"featured_media":40395,"comment_status":"open","ping_status":"open","sticky":false,"template":"","format":"standard","meta":{"_acf_changed":false,"rank_math_lock_modified_date":false,"footnotes":""},"categories":[17,16],"tags":[3963,3962,1936,3969,3964,3965],"class_list":{"0":"post-40389","1":"post","2":"type-post","3":"status-publish","4":"format-standard","5":"has-post-thumbnail","7":"category-actualidad","8":"category-en-red","9":"tag-andreas-raelert","10":"tag-cube-aerium-c-62","11":"tag-jan-frodeno","12":"tag-liz-blatchford","13":"tag-tim-odonell","14":"tag-trek-speed-concept-9-9"},"acf":[],"_links":{"self":[{"href":"https:\/\/miurltemporal.com/main/triatletasenred.sport.es\/wp-json\/wp\/v2\/posts\/40389"}],"collection":[{"href":"https:\/\/miurltemporal.com/main/triatletasenred.sport.es\/wp-json\/wp\/v2\/posts"}],"about":[{"href":"https:\/\/miurltemporal.com/main/triatletasenred.sport.es\/wp-json\/wp\/v2\/types\/post"}],"author":[{"embeddable":true,"href":"https:\/\/miurltemporal.com/main/triatletasenred.sport.es\/wp-json\/wp\/v2\/users\/2"}],"replies":[{"embeddable":true,"href":"https:\/\/miurltemporal.com/main/triatletasenred.sport.es\/wp-json\/wp\/v2\/comments?post=40389"}],"version-history":[{"count":0,"href":"https:\/\/miurltemporal.com/main/triatletasenred.sport.es\/wp-json\/wp\/v2\/posts\/40389\/revisions"}],"wp:featuredmedia":[{"embeddable":true,"href":"https:\/\/miurltemporal.com/main/triatletasenred.sport.es\/wp-json\/wp\/v2\/media\/40395"}],"wp:attachment":[{"href":"https:\/\/miurltemporal.com/main/triatletasenred.sport.es\/wp-json\/wp\/v2\/media?parent=40389"}],"wp:term":[{"taxonomy":"category","embeddable":true,"href":"https:\/\/miurltemporal.com/main/triatletasenred.sport.es\/wp-json\/wp\/v2\/categories?post=40389"},{"taxonomy":"post_tag","embeddable":true,"href":"https:\/\/miurltemporal.com/main/triatletasenred.sport.es\/wp-json\/wp\/v2\/tags?post=40389"}],"curies":[{"name":"wp","href":"https:\/\/api.w.org\/{rel}","templated":true}]}}