{"id":40378,"date":"2015-12-01T15:32:38","date_gmt":"2015-12-01T13:32:38","guid":{"rendered":"http:\/\/triatletasenred.com\/?p=40378"},"modified":"2015-12-01T15:32:38","modified_gmt":"2015-12-01T13:32:38","slug":"veinte-anos-del-primer-triatlon-de-marcel-zamora","status":"publish","type":"post","link":"https:\/\/miurltemporal.com/main/triatletasenred.sport.es\/en-red\/veinte-anos-del-primer-triatlon-de-marcel-zamora\/","title":{"rendered":"Veinte a\u00f1os del primer triatl\u00f3n de Marcel Zamora"},"content":{"rendered":"<p style=\"text-align: justify;\">El triatleta catal\u00e1n Marcel Zamora, que se encuentra en plena recuperaci\u00f3n tras su operaci\u00f3n en el pie, aprovecha los tiempos muertos que le ha dejado la lesi\u00f3n para revivir alguno de sus momentos en triatl\u00f3n. Este martes ha colgado una foto en su cuenta de Twitter con la entrada a meta en su primer triatl\u00f3n, disputado en Castelldefels hace 20 a\u00f1os. En la imagen se puede apreciar el cambio respecto al triatl\u00f3n actual, especialmente por la l\u00ednea de meta, formada por un andamio.\u00a0&#8220;<em>Cruzando una META nunca mas vista, en mi primer tri en el 1995, Castelldefels. Que tiempos!!<\/em>&#8221; reviv\u00eda Zamora en su cuenta de Twitter. En estos veinte a\u00f1os, Zamora ha logrado vencer en once pruebas de larga distancia: cinco veces en el Ironman de Niza, cinco en Embrunman y una vez en el ya desaparecido Challenge Barcelona-Maresme que ahora se denomina Ironman Barcelona.<\/p>\n","protected":false},"excerpt":{"rendered":"<p>El catal\u00e1n ha recuperado un recuerdo de su primera competici\u00f3n en triatl\u00f3n.<\/p>\n","protected":false},"author":12,"featured_media":40379,"comment_status":"open","ping_status":"open","sticky":false,"template":"","format":"standard","meta":{"_acf_changed":false,"rank_math_lock_modified_date":false,"footnotes":""},"categories":[17,19,16,2033,1191],"tags":[1079,2422,181,24,2423],"class_list":{"0":"post-40378","1":"post","2":"type-post","3":"status-publish","4":"format-standard","5":"has-post-thumbnail","7":"category-actualidad","8":"category-competiciones","9":"category-en-red","10":"category-sport","11":"category-triatlon","12":"tag-historia","13":"tag-marcel","14":"tag-marcel-zamora","15":"tag-triatlon","16":"tag-zamora"},"acf":[],"_links":{"self":[{"href":"https:\/\/miurltemporal.com/main/triatletasenred.sport.es\/wp-json\/wp\/v2\/posts\/40378"}],"collection":[{"href":"https:\/\/miurltemporal.com/main/triatletasenred.sport.es\/wp-json\/wp\/v2\/posts"}],"about":[{"href":"https:\/\/miurltemporal.com/main/triatletasenred.sport.es\/wp-json\/wp\/v2\/types\/post"}],"author":[{"embeddable":true,"href":"https:\/\/miurltemporal.com/main/triatletasenred.sport.es\/wp-json\/wp\/v2\/users\/12"}],"replies":[{"embeddable":true,"href":"https:\/\/miurltemporal.com/main/triatletasenred.sport.es\/wp-json\/wp\/v2\/comments?post=40378"}],"version-history":[{"count":0,"href":"https:\/\/miurltemporal.com/main/triatletasenred.sport.es\/wp-json\/wp\/v2\/posts\/40378\/revisions"}],"wp:featuredmedia":[{"embeddable":true,"href":"https:\/\/miurltemporal.com/main/triatletasenred.sport.es\/wp-json\/wp\/v2\/media\/40379"}],"wp:attachment":[{"href":"https:\/\/miurltemporal.com/main/triatletasenred.sport.es\/wp-json\/wp\/v2\/media?parent=40378"}],"wp:term":[{"taxonomy":"category","embeddable":true,"href":"https:\/\/miurltemporal.com/main/triatletasenred.sport.es\/wp-json\/wp\/v2\/categories?post=40378"},{"taxonomy":"post_tag","embeddable":true,"href":"https:\/\/miurltemporal.com/main/triatletasenred.sport.es\/wp-json\/wp\/v2\/tags?post=40378"}],"curies":[{"name":"wp","href":"https:\/\/api.w.org\/{rel}","templated":true}]}}