{"id":40182,"date":"2015-11-24T15:13:19","date_gmt":"2015-11-24T13:13:19","guid":{"rendered":"http:\/\/triatletasenred.com\/?p=40182"},"modified":"2016-02-29T13:22:24","modified_gmt":"2016-02-29T11:22:24","slug":"javi-gomez-noya-candidato-al-premio-as-del-deporte","status":"publish","type":"post","link":"https:\/\/miurltemporal.com/main/triatletasenred.sport.es\/en-red\/javi-gomez-noya-candidato-al-premio-as-del-deporte\/","title":{"rendered":"Javi G\u00f3mez Noya, candidato al premio AS del Deporte"},"content":{"rendered":"<p style=\"text-align: justify;\">El gallego Javi G\u00f3mez Noya, que sigue de vacaciones en Nueva Zelanda, ha sido nominado al Premio AS del Deporte que entrega el peri\u00f3dico deportivo AS y que cada a\u00f1o reune a las personalidades m\u00e1s destacadas del deporte. El triatleta espa\u00f1ol, cinco veces campe\u00f3n del mundo, est\u00e1 entre los seleccionados al premio, entre los que destacan la jugadora de b\u00e1dminton Carolina Marin, el piloto Jorge Lorenzo, el atleta Miguel Angel L\u00f3pez, el patinador Javier Fern\u00e1ndez o el jugador de baloncesto Felipe Reyes, entre otros.<\/p>\n<p style=\"text-align: justify;\">Los Premios AS se entregar\u00e1n el pr\u00f3ximo 14 de diciembre en Madrid y <a href=\"http:\/\/as.com\/especiales\/diarioas\/premiosas\/2015\/votacion.html\" target=\"_blank\" rel=\"nofollow noopener\">ser\u00e1n seleccionados por los lectores del diario en su p\u00e1gina web<\/a>. El 4 de diciembre se cerrar\u00e1 la primera fase y quedar\u00e1n solo cinco finalistas, entre los que saldr\u00e1 el ganador. El Premio AS del Deporte se comunicar\u00e1 el 9 de diciembre.<\/p>\n<p style=\"text-align: justify;\"><img fetchpriority=\"high\" decoding=\"async\" class=\"alignnone size-full wp-image-40183\" src=\"https:\/\/miurltemporal.com/main/triatletasenred.sport.es\/wp-content\/uploads\/Gala-AS-del-Deporte.jpeg\" alt=\"Gala AS del Deporte\" width=\"640\" height=\"273\" srcset=\"https:\/\/miurltemporal.com/main/triatletasenred.sport.es\/wp-content\/uploads\/Gala-AS-del-Deporte.jpeg 640w, https:\/\/miurltemporal.com/main/triatletasenred.sport.es\/wp-content\/uploads\/Gala-AS-del-Deporte-300x128.jpeg 300w\" sizes=\"(max-width: 640px) 100vw, 640px\" \/><\/p>\n<p>&nbsp;<\/p>\n","protected":false},"excerpt":{"rendered":"<p>El gallego est\u00e1 entre los nueve finalistas al premio.<\/p>\n","protected":false},"author":12,"featured_media":40184,"comment_status":"open","ping_status":"open","sticky":false,"template":"","format":"standard","meta":{"_acf_changed":false,"rank_math_lock_modified_date":false,"footnotes":""},"categories":[17,16,1191],"tags":[819,2654,591,24],"class_list":{"0":"post-40182","1":"post","2":"type-post","3":"status-publish","4":"format-standard","5":"has-post-thumbnail","7":"category-actualidad","8":"category-en-red","9":"category-triatlon","10":"tag-javier-gomez-noya","11":"tag-premios","12":"tag-reconocimiento","13":"tag-triatlon"},"acf":[],"_links":{"self":[{"href":"https:\/\/miurltemporal.com/main/triatletasenred.sport.es\/wp-json\/wp\/v2\/posts\/40182"}],"collection":[{"href":"https:\/\/miurltemporal.com/main/triatletasenred.sport.es\/wp-json\/wp\/v2\/posts"}],"about":[{"href":"https:\/\/miurltemporal.com/main/triatletasenred.sport.es\/wp-json\/wp\/v2\/types\/post"}],"author":[{"embeddable":true,"href":"https:\/\/miurltemporal.com/main/triatletasenred.sport.es\/wp-json\/wp\/v2\/users\/12"}],"replies":[{"embeddable":true,"href":"https:\/\/miurltemporal.com/main/triatletasenred.sport.es\/wp-json\/wp\/v2\/comments?post=40182"}],"version-history":[{"count":0,"href":"https:\/\/miurltemporal.com/main/triatletasenred.sport.es\/wp-json\/wp\/v2\/posts\/40182\/revisions"}],"wp:featuredmedia":[{"embeddable":true,"href":"https:\/\/miurltemporal.com/main/triatletasenred.sport.es\/wp-json\/wp\/v2\/media\/40184"}],"wp:attachment":[{"href":"https:\/\/miurltemporal.com/main/triatletasenred.sport.es\/wp-json\/wp\/v2\/media?parent=40182"}],"wp:term":[{"taxonomy":"category","embeddable":true,"href":"https:\/\/miurltemporal.com/main/triatletasenred.sport.es\/wp-json\/wp\/v2\/categories?post=40182"},{"taxonomy":"post_tag","embeddable":true,"href":"https:\/\/miurltemporal.com/main/triatletasenred.sport.es\/wp-json\/wp\/v2\/tags?post=40182"}],"curies":[{"name":"wp","href":"https:\/\/api.w.org\/{rel}","templated":true}]}}