{"id":40160,"date":"2015-12-02T00:30:16","date_gmt":"2015-12-01T22:30:16","guid":{"rendered":"http:\/\/triatletasenred.com\/?p=40160"},"modified":"2015-12-02T01:52:35","modified_gmt":"2015-12-01T23:52:35","slug":"tralyx-de-rudy-project","status":"publish","type":"post","link":"https:\/\/miurltemporal.com/main/triatletasenred.sport.es\/material-triatlon\/tralyx-de-rudy-project\/","title":{"rendered":"#ZonaTest: Tralyx de Rudy Project, las gafas de sol definitivas"},"content":{"rendered":"<p style=\"text-align: justify;\"><strong>Estamos acostumbrados, o mal acostumbrados, a testar productos de buena\u00a0calidad en triatletasenred.com. En esta ocasi\u00f3n debo reconocer que las Tralyx de Rudy Project me han cautivado desde el primer momento.<\/strong><\/p>\n<p style=\"text-align: justify;\">Tuve el primer contacto en UNIBIKE con las nuevas Tralyx de Rudy Project. Est\u00e9ticamente atractivas como todo lo que suele traer el dise\u00f1o italiano. En ese momento y en un espacio cerrado con iluminaci\u00f3n artificial no me pareci\u00f3 nada destacable.<\/p>\n<p style=\"text-align: justify;\">No obstante toda percepci\u00f3n inicial qued\u00f3 en la papelera en el momento que pude probarlas al aire libre. La calidad y luminosidad de las Tralyx la hace especialmente aut\u00e9ntica y la gama de contrastes y tonos es realmente sorprendente.<\/p>\n<p style=\"text-align: justify;\">Ya subidos en la bici probamos a fondo esta propuesta de Rudy Project y comprob\u00e9 la r\u00e1pida respuesta de la lente fotocrom\u00e1tica al adaptarse a los cambios de luminosidad. Incluso con el fat\u00eddico sol bajo tuve una muy buena respuesta. No contento con ello las us\u00e9 en monta\u00f1a donde los contrastes se agudizan y donde personalmente a\u00fan no hab\u00eda encontrado una gafa que me convenciera en este terreno y la respuesta de las Tralyx ha sido realmente satisfactoria.<\/p>\n<p style=\"text-align: justify;\">El dise\u00f1o de estas gafas esta pensado igualmente para evitar el vaho. Unos agujeros en los extremos de la lente la parte frontal de la montura facilitan la ventilaci\u00f3n con lo que incluso con gorro o casco no vamos a tener problemas de con el vapor.<\/p>\n<p style=\"text-align: justify;\">A pesar de ser unas gafas muy ligeras, la marca destaca \u00a0su dureza y resistencia a los impactos, algo que no hemos querido comprobar pero de la que ya se han encargado los compa\u00f1eros de Low Delight como muestran <a href=\"http:\/\/www.youtube.com\/watch?v=FUGoXkTn2IM\" rel=\"nofollow noopener\" target=\"_blank\">en este video<\/a>.<\/p>\n<p style=\"text-align: justify;\">Si est\u00e1s pensando en un buen regalo para estas fiestas o simplemente quieres tener un material de alta calidad no vas a lamentarte de la inversi\u00f3n en las Tralyx\u00a0de Rudy Project.<\/p>\n<p style=\"text-align: justify;\">\n","protected":false},"excerpt":{"rendered":"<p>Las\u00a0Tralyx de Rudy Project \u00a0pasan por la #ZonaTest. Dise\u00f1o italiano para unas gafas llamadas al \u00e9xito. Grandes sensaciones las que nos dejan estas gafas.<\/p>\n","protected":false},"author":2,"featured_media":40351,"comment_status":"open","ping_status":"open","sticky":false,"template":"","format":"standard","meta":{"_acf_changed":false,"rank_math_lock_modified_date":false,"footnotes":""},"categories":[12],"tags":[3950,1139,3949],"class_list":{"0":"post-40160","1":"post","2":"type-post","3":"status-publish","4":"format-standard","5":"has-post-thumbnail","7":"category-material-triatlon","8":"tag-gafas","9":"tag-rudy-project","10":"tag-tralyx"},"acf":[],"_links":{"self":[{"href":"https:\/\/miurltemporal.com/main/triatletasenred.sport.es\/wp-json\/wp\/v2\/posts\/40160"}],"collection":[{"href":"https:\/\/miurltemporal.com/main/triatletasenred.sport.es\/wp-json\/wp\/v2\/posts"}],"about":[{"href":"https:\/\/miurltemporal.com/main/triatletasenred.sport.es\/wp-json\/wp\/v2\/types\/post"}],"author":[{"embeddable":true,"href":"https:\/\/miurltemporal.com/main/triatletasenred.sport.es\/wp-json\/wp\/v2\/users\/2"}],"replies":[{"embeddable":true,"href":"https:\/\/miurltemporal.com/main/triatletasenred.sport.es\/wp-json\/wp\/v2\/comments?post=40160"}],"version-history":[{"count":0,"href":"https:\/\/miurltemporal.com/main/triatletasenred.sport.es\/wp-json\/wp\/v2\/posts\/40160\/revisions"}],"wp:featuredmedia":[{"embeddable":true,"href":"https:\/\/miurltemporal.com/main/triatletasenred.sport.es\/wp-json\/wp\/v2\/media\/40351"}],"wp:attachment":[{"href":"https:\/\/miurltemporal.com/main/triatletasenred.sport.es\/wp-json\/wp\/v2\/media?parent=40160"}],"wp:term":[{"taxonomy":"category","embeddable":true,"href":"https:\/\/miurltemporal.com/main/triatletasenred.sport.es\/wp-json\/wp\/v2\/categories?post=40160"},{"taxonomy":"post_tag","embeddable":true,"href":"https:\/\/miurltemporal.com/main/triatletasenred.sport.es\/wp-json\/wp\/v2\/tags?post=40160"}],"curies":[{"name":"wp","href":"https:\/\/api.w.org\/{rel}","templated":true}]}}