{"id":40124,"date":"2015-11-23T02:40:29","date_gmt":"2015-11-23T00:40:29","guid":{"rendered":"http:\/\/triatletasenred.com\/?p=40124"},"modified":"2016-04-21T14:02:09","modified_gmt":"2016-04-21T12:02:09","slug":"victor-del-corral-vuelve-a-correr","status":"publish","type":"post","link":"https:\/\/miurltemporal.com/main/triatletasenred.sport.es\/en-red\/victor-del-corral-vuelve-a-correr\/","title":{"rendered":"V\u00edctor del Corral vuelve a correr"},"content":{"rendered":"<p style=\"text-align: justify;\">El triatleta V\u00edctor del Corral ha confirmado este domingo que vuelve a calzarse las zapatillas para correr. Justo <a href=\"https:\/\/miurltemporal.com/main/triatletasenred.sport.es\/en-red\/victor-del-corral-no-competira-en-kona\/\" target=\"_blank\">dos meses despu\u00e9s de renunciar a competir en el Ironman de Haw\u00e1i<\/a>\u00a0por una fractura por estr\u00e9s en el calc\u00e1neo, el\u00a0\u00a0catal\u00e1n ha confirmado en una publicaci\u00f3n en su p\u00e1gina de Facebook que vuelve a poder entrenar la carrera a pie. &#8220;<em>La semana pasada acab\u00f3 con la prueba de esfuerzo en <a href=\"https:\/\/www.facebook.com\/ufebell.universitatdebarcelona\/\" data-hovercard=\"\/main/triatletasenred.sport.es/ajax\/hovercard\/page.php?id=396695653857600&amp;extragetparams=%7B%22directed_target_id%22%3A0%7D\" rel=\"nofollow noopener\" target=\"_blank\">Ufebell Universitat de Barcelona<\/a>, con un resultado mucho mejor de lo esperado! Esta semana tocar\u00e1 poner a prueba los ritmos extra\u00eddos de la prueba y&#8230; La gran noticia! Arrancar a correr!!!!&#8221;.\u00a0<\/em>Han sido meses complicados para Del Corral tras tener que renunciar a competir en el que era su objetivo principal para 2015, Kona. El triatleta lleva varias semanas en los Pirineos preparando para encarar la pr\u00f3xima temporada con garant\u00edas junto a su nuevo entrenador, Alvaro Ranc\u00e9.<\/p>\n<p style=\"text-align: justify;\"><a href=\"http:\/\/www.compressport.com\/\" rel=\"nofollow noopener\" target=\"_blank\"><img fetchpriority=\"high\" decoding=\"async\" class=\"aligncenter wp-image-35097 size-full\" src=\"https:\/\/miurltemporal.com/main/triatletasenred.sport.es\/wp-content\/uploads\/Compressport2.jpg\" alt=\"Compressport\" width=\"479\" height=\"105\" srcset=\"https:\/\/miurltemporal.com/main/triatletasenred.sport.es\/wp-content\/uploads\/Compressport2.jpg 479w, https:\/\/miurltemporal.com/main/triatletasenred.sport.es\/wp-content\/uploads\/Compressport2-300x65.jpg 300w\" sizes=\"(max-width: 479px) 100vw, 479px\" \/><\/a><\/p>\n<p style=\"text-align: justify;\">\n","protected":false},"excerpt":{"rendered":"<p>As\u00ed lo ha confirmado este domingo en sus redes sociales. El catal\u00e1n volver\u00e1 a entrenar la carrera a pie dos meses despu\u00e9s de anunciar su baja para Haw\u00e1i.<\/p>\n","protected":false},"author":12,"featured_media":40126,"comment_status":"open","ping_status":"open","sticky":false,"template":"","format":"standard","meta":{"_acf_changed":false,"rank_math_lock_modified_date":false,"footnotes":""},"categories":[17,16,2033,1191],"tags":[3907,558,1455,271,674,24,279],"class_list":{"0":"post-40124","1":"post","2":"type-post","3":"status-publish","4":"format-standard","5":"has-post-thumbnail","7":"category-actualidad","8":"category-en-red","9":"category-sport","10":"category-triatlon","11":"tag-fractura-por-estres","12":"tag-lesion","13":"tag-lesiones","14":"tag-recuperacion","15":"tag-triatleta","16":"tag-triatlon","17":"tag-victor-del-corral"},"acf":[],"_links":{"self":[{"href":"https:\/\/miurltemporal.com/main/triatletasenred.sport.es\/wp-json\/wp\/v2\/posts\/40124"}],"collection":[{"href":"https:\/\/miurltemporal.com/main/triatletasenred.sport.es\/wp-json\/wp\/v2\/posts"}],"about":[{"href":"https:\/\/miurltemporal.com/main/triatletasenred.sport.es\/wp-json\/wp\/v2\/types\/post"}],"author":[{"embeddable":true,"href":"https:\/\/miurltemporal.com/main/triatletasenred.sport.es\/wp-json\/wp\/v2\/users\/12"}],"replies":[{"embeddable":true,"href":"https:\/\/miurltemporal.com/main/triatletasenred.sport.es\/wp-json\/wp\/v2\/comments?post=40124"}],"version-history":[{"count":0,"href":"https:\/\/miurltemporal.com/main/triatletasenred.sport.es\/wp-json\/wp\/v2\/posts\/40124\/revisions"}],"wp:featuredmedia":[{"embeddable":true,"href":"https:\/\/miurltemporal.com/main/triatletasenred.sport.es\/wp-json\/wp\/v2\/media\/40126"}],"wp:attachment":[{"href":"https:\/\/miurltemporal.com/main/triatletasenred.sport.es\/wp-json\/wp\/v2\/media?parent=40124"}],"wp:term":[{"taxonomy":"category","embeddable":true,"href":"https:\/\/miurltemporal.com/main/triatletasenred.sport.es\/wp-json\/wp\/v2\/categories?post=40124"},{"taxonomy":"post_tag","embeddable":true,"href":"https:\/\/miurltemporal.com/main/triatletasenred.sport.es\/wp-json\/wp\/v2\/tags?post=40124"}],"curies":[{"name":"wp","href":"https:\/\/api.w.org\/{rel}","templated":true}]}}