{"id":40045,"date":"2015-11-18T21:11:13","date_gmt":"2015-11-18T19:11:13","guid":{"rendered":"http:\/\/triatletasenred.com\/?p=40045"},"modified":"2015-12-08T14:31:20","modified_gmt":"2015-12-08T12:31:20","slug":"gurutze-frades-he-trabajado-para-estar-lo-mas-arriba-posible","status":"publish","type":"post","link":"https:\/\/miurltemporal.com/main/triatletasenred.sport.es\/en-red\/gurutze-frades-he-trabajado-para-estar-lo-mas-arriba-posible\/","title":{"rendered":"Gurutze Frades: &#8221; He trabajado para estar lo m\u00e1s arriba posible&#8221;"},"content":{"rendered":"<p style=\"text-align: justify;\">La triatleta espa\u00f1ola Gurutze Frades, reci\u00e9n aterrizada en casa tras conseguir el segundo puesto en el Ironman de Malaysia, ya est\u00e1 entre las mejores del mundo en distancia Ironman. Con 4.000 puntos, se sit\u00faa d\u00e9cima en busca de un puesto para Haw\u00e1i. En una entrevista para\u00a0BAT Basque Team, la fundaci\u00f3n para el apoyo del Deporte de Alto Nivel en Euskadi, la campeona del Ironman de Vichy hace balance de la temporada 2015.<\/p>\n<p style=\"text-align: justify;\">&#8220;Aunque he trabajado para estar lo m\u00e1s arriba posible, la verdad es que no me los esperaba (los podios en Ironman), pero s\u00ed que he luchado por ello, de manera que ahora termina un trabajo bien hecho que ha tenido su recompensa&#8221;. De cara a 2016, ha expresado su deseo de &#8220;seguir trabajando igual, que las cosas vayan saliendo y poder meterme en Hawaii y en el Mundial de Larga Distancia&#8221;, y ha concluido explicando, en declaraciones recogidas en BAT Basque Team, que &#8220;han sido muchos meses de competici\u00f3n, siempre en tensi\u00f3n, y ahora me gustar\u00eda no desconectar, pero s\u00ed relajarme&#8221;.<\/p>\n<p style=\"text-align: justify;\">En el Ironman Malaysia, Gurutze empez\u00f3 &#8220;un poco tensa por que pinch\u00e9 la rueda al entrar en boxes. Ya en carrera fui regulando en bici para estar donde ten\u00eda que estar. Son muchas horas&#8221; afirma la triatleta vasca. &#8220;Me sent\u00eda bien para que me dieran kil\u00f3metros e ir pasando poco a poco a mis rivales. Y pens\u00e9, segunda mejor que tercera (risas)&#8221; explica nada m\u00e1s aterrizar en casa. La carrera estuvo marcada por unas condiciones de\u00a085% de humedad y m\u00e1s de 30 grados de calor, donde Frades fragu\u00f3 su remontada.<\/p>\n<p style=\"text-align: justify;\">&#8220;Si un Ironman es dif\u00edcil, ganarlo es casi imposible. El triunfo en Ironman Vichy hizo cambiar mucho mis motivaciones para el pr\u00f3ximo a\u00f1o&#8221; a\u00f1adiendo que &#8220;ser\u00e1 un recuerdo para toda la vida&#8221;. Y ya se marca objetivos para 2016. &#8220;El objetivo es rendir igual o mejor que este final de a\u00f1o. Har\u00e9 un Ironman 70.3 y un Ironman en primavera para conseguir los puntos que me faltan para el Campeonato del Mundo Ironman, y a partir de ah\u00ed prepararme para la prueba, que ser\u00e1 en octubre&#8221; concluye&#8221;.<\/p>\n<p style=\"text-align: justify;\"><a href=\"https:\/\/miurltemporal.com/main/triatletasenred.sport.es\/wp-content\/uploads\/Compressport2.jpg\"><img fetchpriority=\"high\" decoding=\"async\" class=\"alignnone size-full wp-image-35097\" src=\"https:\/\/miurltemporal.com/main/triatletasenred.sport.es\/wp-content\/uploads\/Compressport2.jpg\" alt=\"Compressport\" width=\"479\" height=\"105\" srcset=\"https:\/\/miurltemporal.com/main/triatletasenred.sport.es\/wp-content\/uploads\/Compressport2.jpg 479w, https:\/\/miurltemporal.com/main/triatletasenred.sport.es\/wp-content\/uploads\/Compressport2-300x65.jpg 300w\" sizes=\"(max-width: 479px) 100vw, 479px\" \/><\/a><\/p>\n","protected":false},"excerpt":{"rendered":"<p>La triatleta vasca habla de su momento de forma en BAT Basque Team.<\/p>\n","protected":false},"author":12,"featured_media":40046,"comment_status":"open","ping_status":"open","sticky":false,"template":"","format":"standard","meta":{"_acf_changed":false,"rank_math_lock_modified_date":false,"footnotes":""},"categories":[17,16,2033,1191],"tags":[1042,1398,404,1044,24],"class_list":{"0":"post-40045","1":"post","2":"type-post","3":"status-publish","4":"format-standard","5":"has-post-thumbnail","7":"category-actualidad","8":"category-en-red","9":"category-sport","10":"category-triatlon","11":"tag-gurutze-frades","12":"tag-hawai","13":"tag-ironman","14":"tag-larga-distancia","15":"tag-triatlon"},"acf":[],"_links":{"self":[{"href":"https:\/\/miurltemporal.com/main/triatletasenred.sport.es\/wp-json\/wp\/v2\/posts\/40045"}],"collection":[{"href":"https:\/\/miurltemporal.com/main/triatletasenred.sport.es\/wp-json\/wp\/v2\/posts"}],"about":[{"href":"https:\/\/miurltemporal.com/main/triatletasenred.sport.es\/wp-json\/wp\/v2\/types\/post"}],"author":[{"embeddable":true,"href":"https:\/\/miurltemporal.com/main/triatletasenred.sport.es\/wp-json\/wp\/v2\/users\/12"}],"replies":[{"embeddable":true,"href":"https:\/\/miurltemporal.com/main/triatletasenred.sport.es\/wp-json\/wp\/v2\/comments?post=40045"}],"version-history":[{"count":0,"href":"https:\/\/miurltemporal.com/main/triatletasenred.sport.es\/wp-json\/wp\/v2\/posts\/40045\/revisions"}],"wp:featuredmedia":[{"embeddable":true,"href":"https:\/\/miurltemporal.com/main/triatletasenred.sport.es\/wp-json\/wp\/v2\/media\/40046"}],"wp:attachment":[{"href":"https:\/\/miurltemporal.com/main/triatletasenred.sport.es\/wp-json\/wp\/v2\/media?parent=40045"}],"wp:term":[{"taxonomy":"category","embeddable":true,"href":"https:\/\/miurltemporal.com/main/triatletasenred.sport.es\/wp-json\/wp\/v2\/categories?post=40045"},{"taxonomy":"post_tag","embeddable":true,"href":"https:\/\/miurltemporal.com/main/triatletasenred.sport.es\/wp-json\/wp\/v2\/tags?post=40045"}],"curies":[{"name":"wp","href":"https:\/\/api.w.org\/{rel}","templated":true}]}}