{"id":39944,"date":"2015-11-13T02:51:26","date_gmt":"2015-11-13T00:51:26","guid":{"rendered":"http:\/\/triatletasenred.com\/?p=39944"},"modified":"2015-11-13T02:51:26","modified_gmt":"2015-11-13T00:51:26","slug":"miriam-casillas-premio-a-mejor-deportista-promesa-en-el-i-congreso-imde","status":"publish","type":"post","link":"https:\/\/miurltemporal.com/main/triatletasenred.sport.es\/en-red\/miriam-casillas-premio-a-mejor-deportista-promesa-en-el-i-congreso-imde\/","title":{"rendered":"Miriam Casillas, premio a mejor deportista promesa en el I Congreso IMDE"},"content":{"rendered":"<p style=\"text-align: justify;\">La triatleta pacense Miriam Casillas, que actualmente se encuentra de vacaciones tras finalizar la temporada, fue premiada esta semana como mejor deportista promesa en el I Congreso\u00a0Ib\u00e9rico Mujer, Deporte y Empresa, cuyo objetivo es determinar las mejores pr\u00e1cticas en gesti\u00f3n y desarrollo de las mujeres l\u00edderes en el deporte. Casillas cierra as\u00ed una temporada en la que se ha consolidado en la \u00e9lite, finalizando como cuarta espa\u00f1ola en el ranking y con un podio en la Copa del Mundo ITU de Alanya. En el horizonte est\u00e1 la clasificaci\u00f3n para los Juegos Ol\u00edmpicos de R\u00edo de Janeiro, un objetivo que no ser\u00e1 f\u00e1cil.\u00a0\u201c<em>Es el sue\u00f1o en el que todo deportista tiene puesta la cabeza, lo m\u00e1ximo a lo que se aspira<\/em>\u201d explica en <a href=\"http:\/\/badajozdeportes.com\/2015\/11\/12\/miriam-casillas-preparada-para-afrontar-el-ano-olimpico\/\" target=\"_blank\" rel=\"nofollow noopener\">declaraciones recogidas en el portal Badajoz Deportes<\/a>.\u00a0\u201c<em>Ha sido una temporada en la que he disfrutado much\u00edsimo, cogiendo experiencia internacional y espero que sea la primera de muchas<\/em>\u201d conclye Miriam Casillas.<\/p>\n","protected":false},"excerpt":{"rendered":"<p>La triatleta pacense fue premiada tras una gran temporada 2015.<\/p>\n","protected":false},"author":12,"featured_media":39945,"comment_status":"open","ping_status":"open","sticky":false,"template":"","format":"standard","meta":{"_acf_changed":false,"rank_math_lock_modified_date":false,"footnotes":""},"categories":[17,16],"tags":[2891,930,1967,1208,24],"class_list":{"0":"post-39944","1":"post","2":"type-post","3":"status-publish","4":"format-standard","5":"has-post-thumbnail","7":"category-actualidad","8":"category-en-red","9":"tag-casillas","10":"tag-itu","11":"tag-miriam-casillas","12":"tag-rio-2016","13":"tag-triatlon"},"acf":[],"_links":{"self":[{"href":"https:\/\/miurltemporal.com/main/triatletasenred.sport.es\/wp-json\/wp\/v2\/posts\/39944"}],"collection":[{"href":"https:\/\/miurltemporal.com/main/triatletasenred.sport.es\/wp-json\/wp\/v2\/posts"}],"about":[{"href":"https:\/\/miurltemporal.com/main/triatletasenred.sport.es\/wp-json\/wp\/v2\/types\/post"}],"author":[{"embeddable":true,"href":"https:\/\/miurltemporal.com/main/triatletasenred.sport.es\/wp-json\/wp\/v2\/users\/12"}],"replies":[{"embeddable":true,"href":"https:\/\/miurltemporal.com/main/triatletasenred.sport.es\/wp-json\/wp\/v2\/comments?post=39944"}],"version-history":[{"count":0,"href":"https:\/\/miurltemporal.com/main/triatletasenred.sport.es\/wp-json\/wp\/v2\/posts\/39944\/revisions"}],"wp:featuredmedia":[{"embeddable":true,"href":"https:\/\/miurltemporal.com/main/triatletasenred.sport.es\/wp-json\/wp\/v2\/media\/39945"}],"wp:attachment":[{"href":"https:\/\/miurltemporal.com/main/triatletasenred.sport.es\/wp-json\/wp\/v2\/media?parent=39944"}],"wp:term":[{"taxonomy":"category","embeddable":true,"href":"https:\/\/miurltemporal.com/main/triatletasenred.sport.es\/wp-json\/wp\/v2\/categories?post=39944"},{"taxonomy":"post_tag","embeddable":true,"href":"https:\/\/miurltemporal.com/main/triatletasenred.sport.es\/wp-json\/wp\/v2\/tags?post=39944"}],"curies":[{"name":"wp","href":"https:\/\/api.w.org\/{rel}","templated":true}]}}