{"id":39863,"date":"2015-11-13T03:38:18","date_gmt":"2015-11-13T01:38:18","guid":{"rendered":"http:\/\/triatletasenred.com\/?p=39863"},"modified":"2016-05-05T12:14:22","modified_gmt":"2016-05-05T10:14:22","slug":"gurutze-frades-y-saleta-castro-a-por-el-ironman-malaysia","status":"publish","type":"post","link":"https:\/\/miurltemporal.com/main/triatletasenred.sport.es\/actualidad\/gurutze-frades-y-saleta-castro-a-por-el-ironman-malaysia\/","title":{"rendered":"Gurutze Frades y Saleta Castro, a por el Ironman Malaysia"},"content":{"rendered":"<p style=\"text-align: justify;\">Las triatletas espa\u00f1olas Gurutze Frades y Saleta Castro disputar\u00e1n este s\u00e1bado 14 de noviembre el Ironman Malaysia, que se celebra\u00a0en el pa\u00eds asi\u00e1tico. Ser\u00e1n las dos \u00fanicas representantes nacionales en la competici\u00f3n \u00e9lite, que otorga puntos para el ranking Ironman y que es una de las \u00faltimas del circuito de la franquicia americana en 2015. Ambas llegan con grandes resultados bajo el brazo. Saleta Castro consigui\u00f3 la tercera posici\u00f3n en el Ironman 70.3 Lanzarote del mes de septiembre, mientras que Gurutze suma una victoria en el Ironman Vichy y un segundo puesto en el Gloria Ironman 70.3 Turqu\u00eda, celebrado hace dos semanas.<\/p>\n<p style=\"text-align: justify;\">La prueba, que se disputa sobre las distancias de 3,8 kil\u00f3metros a nado, 180 kil\u00f3metros en bicicleta y 42 kil\u00f3metros a pie tiene su epicentro en Langkawi. Las condiciones de calor y humedad har\u00e1n a\u00fan m\u00e1s dura la competici\u00f3n, que otroga 2000 puntos a los ganadores en cada categor\u00eda. El Ironman Malaysia dar\u00e1 incio el pr\u00f3ximo s\u00e1bado 14 de noviembre.<\/p>\n<p><a href=\"http:\/\/www.clublasanta.es\/\" target=\"_blank\" rel=\"nofollow noopener\"><img decoding=\"async\" class=\"alignnone wp-image-38581\" src=\"https:\/\/miurltemporal.com/main/triatletasenred.sport.es\/wp-content\/uploads\/la-santa.jpg\" alt=\"la santa\" width=\"275\" height=\"142\" srcset=\"https:\/\/miurltemporal.com/main/triatletasenred.sport.es\/wp-content\/uploads\/la-santa.jpg 564w, https:\/\/miurltemporal.com/main/triatletasenred.sport.es\/wp-content\/uploads\/la-santa-300x154.jpg 300w\" sizes=\"(max-width: 275px) 100vw, 275px\" \/><\/a><\/p>\n<p><a href=\"http:\/\/www.compressport.com\/\" target=\"_blank\" rel=\"nofollow noopener\"><img fetchpriority=\"high\" decoding=\"async\" class=\"alignnone size-full wp-image-35097\" src=\"https:\/\/miurltemporal.com/main/triatletasenred.sport.es\/wp-content\/uploads\/Compressport2.jpg\" alt=\"Compressport\" width=\"479\" height=\"105\" srcset=\"https:\/\/miurltemporal.com/main/triatletasenred.sport.es\/wp-content\/uploads\/Compressport2.jpg 479w, https:\/\/miurltemporal.com/main/triatletasenred.sport.es\/wp-content\/uploads\/Compressport2-300x65.jpg 300w\" sizes=\"(max-width: 479px) 100vw, 479px\" \/><\/a><\/p>\n","protected":false},"excerpt":{"rendered":"<p>Las dos espa\u00f1olas buscan seguir sumando puntos para competir en Kona 2016.<\/p>\n","protected":false},"author":12,"featured_media":39950,"comment_status":"open","ping_status":"open","sticky":false,"template":"","format":"standard","meta":{"_acf_changed":false,"rank_math_lock_modified_date":false,"footnotes":""},"categories":[17,19,1191],"tags":[1042,1398,404,1303,3861,372,1044,383],"class_list":{"0":"post-39863","1":"post","2":"type-post","3":"status-publish","4":"format-standard","5":"has-post-thumbnail","7":"category-actualidad","8":"category-competiciones","9":"category-triatlon","10":"tag-gurutze-frades","11":"tag-hawai","12":"tag-ironman","13":"tag-ironman-kona-hawaii","14":"tag-ironman-malaysia","15":"tag-kona","16":"tag-larga-distancia","17":"tag-saleta-castro"},"acf":[],"_links":{"self":[{"href":"https:\/\/miurltemporal.com/main/triatletasenred.sport.es\/wp-json\/wp\/v2\/posts\/39863"}],"collection":[{"href":"https:\/\/miurltemporal.com/main/triatletasenred.sport.es\/wp-json\/wp\/v2\/posts"}],"about":[{"href":"https:\/\/miurltemporal.com/main/triatletasenred.sport.es\/wp-json\/wp\/v2\/types\/post"}],"author":[{"embeddable":true,"href":"https:\/\/miurltemporal.com/main/triatletasenred.sport.es\/wp-json\/wp\/v2\/users\/12"}],"replies":[{"embeddable":true,"href":"https:\/\/miurltemporal.com/main/triatletasenred.sport.es\/wp-json\/wp\/v2\/comments?post=39863"}],"version-history":[{"count":0,"href":"https:\/\/miurltemporal.com/main/triatletasenred.sport.es\/wp-json\/wp\/v2\/posts\/39863\/revisions"}],"wp:featuredmedia":[{"embeddable":true,"href":"https:\/\/miurltemporal.com/main/triatletasenred.sport.es\/wp-json\/wp\/v2\/media\/39950"}],"wp:attachment":[{"href":"https:\/\/miurltemporal.com/main/triatletasenred.sport.es\/wp-json\/wp\/v2\/media?parent=39863"}],"wp:term":[{"taxonomy":"category","embeddable":true,"href":"https:\/\/miurltemporal.com/main/triatletasenred.sport.es\/wp-json\/wp\/v2\/categories?post=39863"},{"taxonomy":"post_tag","embeddable":true,"href":"https:\/\/miurltemporal.com/main/triatletasenred.sport.es\/wp-json\/wp\/v2\/tags?post=39863"}],"curies":[{"name":"wp","href":"https:\/\/api.w.org\/{rel}","templated":true}]}}