{"id":39825,"date":"2015-11-10T12:25:41","date_gmt":"2015-11-10T10:25:41","guid":{"rendered":"http:\/\/triatletasenred.com\/?p=39825"},"modified":"2015-12-08T14:31:06","modified_gmt":"2015-12-08T12:31:06","slug":"el-mundo-del-triatlon-se-vuelca-con-laurent-vidal","status":"publish","type":"post","link":"https:\/\/miurltemporal.com/main/triatletasenred.sport.es\/en-red\/el-mundo-del-triatlon-se-vuelca-con-laurent-vidal\/","title":{"rendered":"El mundo del triatl\u00f3n se vuelca con Laurent Vidal"},"content":{"rendered":"<p style=\"text-align: justify;\">Han sido muchos y numerosos los mensajes de apoyo a la familia de Laurent Vidal y a su actual pareja, la tambi\u00e9n triatleta Andrea Hewitt, tras conocerse la noticia del fallecimiento del triatleta franc\u00e9s. Las redes sociales se han volcado con comentarios de afecto hacia la triatleta neozelandesa, y destacando la importancia que ten\u00eda Vidal en el triatl\u00f3n. El franc\u00e9s finaliz\u00f3 quinto en los Juegos Ol\u00edmpicos de Londres 2012 y su sonrisa quedar\u00e1 siempre en el recuerdo de todos. Vidal era muy querido en la comunidad del triatl\u00f3n, como as\u00ed lo demuestran los mensajes en las redes sociales.<\/p>\n<p style=\"text-align: justify;\">&#8220;<em>Nos deja uno de los grandes, triste noticia que me ha impactado.\u00a0Grand encouragement pour tous!!\u00a0RIP<\/em>&#8221; escrib\u00eda Marcel Zamora en su cuenta de Facebook nada m\u00e1s enterarse de la noticia.&#8221;<em>Nunca te olvidaremos Laurent Vidal<\/em>&#8221; tuiteaba Cesc Godoy, adjuntando una foto de cuando coincidieron entrenando con el franc\u00e9s y Andrea Hewitt entre otros, hace ahora casi dos a\u00f1os. Fernando Alarza tambi\u00e9n se ha manifestado en las redes sociales. &#8220;<em>Siempre estar\u00e1s presente en cada carrera. Descansa en Paz Laurent Vidal You will always be present in each race. Rest in Peace Laurent Vidal<\/em>&#8220;. Los gallegos Uxio Abu\u00edn y Pablo Dapena tambi\u00e9n han querido mandar su mensaje al fallecido triatleta franc\u00e9s para recordar su figura. &#8220;<em>El coraz\u00f3n del gran triatleta\u00a0Laurent Vidal\u00a0se ha parado para siempre&#8230;llevaremos la cinta en tu recuerdo! D.E.P.<\/em>&#8221; escrib\u00eda Abu\u00edn en su cuenta de Twitter.\u00a0Miriam Casillas tambi\u00e9n se ha unido a las muestras de apoyo con un mensaje corto pero muy concreto. &#8220;<em>D\u00eda triste para el triatl\u00f3n, DEP Laurent Vidal<\/em>&#8221; escrib\u00eda en su cuenta de Twitter. &#8220;<em>Noticia muy triste. Muere Laurent Vidal. A muchos, como a m\u00ed, nos dejar\u00e1 un gran recuerdo. Todo el \u00e1nimo del mundo para Andrea y su familia. Descansa en paz<\/em>&#8221; a\u00f1ad\u00eda Vicente Hern\u00e1ndez en su cuenta de Facebook. Clemente Alonso, Tamara G\u00f3mez, Roger Roca, Emilio Aguayo, Ainhoa Mur\u00faa o Roger Serrano tambi\u00e9n se han unido a las muestras de condolencia a los familiares y amigos de Laurent Vidal.<\/p>\n<p style=\"text-align: justify;\">Los dos mejores triatletas espa\u00f1oles del momento tambi\u00e9n han compartido su \u00faltimo adi\u00f3s a Laurent Vidal. Mario Mola escrib\u00eda en su cuenta de Twitter que hoy era un &#8220;<em>d\u00eda triste por el fallecimiento del triatleta franc\u00e9s Laurent Vidal. Mucho \u00e1nimo a su fam\u00edlia. Descansa en paz, amigo<\/em>&#8220;, mientras que Javi G\u00f3mez Noya mandaba un mensaje en ingl\u00e9s al triatleta franc\u00e9s. &#8220;<em>Hemos perdido a una persona genial que ten\u00eda el privilegio de llamarle amigo. Muchos recuerdos. Mis pensamientos est\u00e1n con Andrea y su familia. Descansa en paz Laurent<\/em>&#8220;.<\/p>\n<p style=\"text-align: justify;\">Los triatletas internacionales tambi\u00e9n han querido darle el \u00faltimo adi\u00f3s a Laurent Vidal. La campeona del mundo en 2013, Non Stanford, escrib\u00eda en su Twitter que &#8220;<em>el triatl\u00f3n no ser\u00e1 lo mismo sin ti, Laurent Vidal. Profundamente entristecida tras escuchar estas noticias. Todos mis pensamientos est\u00e1n con Andrea y su familia<\/em>&#8220;. David Hauss, compatriota de Vidal en la selecci\u00f3n francesa, a\u00f1ad\u00eda que &#8220;<em>las leyendas nunca mueren<\/em>&#8220;.\u00a0&#8220;<em>El dolor es indescriptible. Un amigo, un mentor, un hermano mayor. Para siempre en mi coraz\u00f3n. Stardust<\/em>&#8221; a\u00f1ad\u00eda el tambi\u00e9n franc\u00e9s Anthony Pujades en su cuenta de Facebook, adjuntando una foto junto con\u00a0Laurent Vidal. &#8220;<em>En estado de shock con las noticias de esta ma\u00f1ana. Laurent Vidal era un gran talento pero a\u00fan mejor persona fuera de las carreras. Su memoria estar\u00e1 siempre en el coraz\u00f3n del triatl\u00f3n. Muchos \u00e1nimos a Andrea Hewitt y a la familia Vidal<\/em>&#8221; escrib\u00eda Jodie Stimpson. El neozeland\u00e9s Terenzo Bozzone tambi\u00e9n ha mandado su mensaje de \u00e1nimo tras la muerte de Laurent Vidal. &#8220;<em>No puedo creer esto. Mis pensaminetos y rezos con Andrea Hewitt y con la familia de Laurent Vidal. Te echaremos de menos<\/em>&#8220;. Frederik Van Lierde, Kris Gemmell, Helen Jenkins, Gwen Jorgensen, Rachel Klamer, Jan Frodeno, Sebastian Kienle o su compatriota y amigo Vincent Luis han sido algunos de los muchos triatletas que tambi\u00e9n han mandado apoyo a los familiares de Vidal a trav\u00e9s de las redes sociales.<\/p>\n<p style=\"text-align: justify;\">La Uni\u00f3n Internacional de Triatl\u00f3n (ITU) se ha unido a las condolencias a la familia con un mensaje en su cuenta de\u00a0Facebook. &#8220;<em>Estamos terriblemente tristes de la muerte de Laurent Vidal. Un incre\u00edble atleta y persona absolutamente inolvidable, nos ha tocado a todos. Nuestros pensamientos est\u00e1n con su novia Andrea Hewitt, su familia y amigos. Te fusite demasiado pronto<\/em>&#8220;.\u00a0La Federaci\u00f3n Espa\u00f1ola de Triatl\u00f3n tambi\u00e9n ha mandado un mensaje de apoyo al triatleta franc\u00e9s.&#8221;<em>Hoy nos despertamos con la triste p\u00e9rdida de 1 deportista enorme, DEP Laurent Vidal. Nuestras condolencias para toda la familia tri y a la Federaci\u00f3n Francesa de Triatl\u00f3n<\/em>&#8220;. La presidenta de la ITU, la espa\u00f1ola Marisol Casado, tambi\u00e9n ha dejado un mensaje en Twitter para Laurent Vidal. &#8220;<em>Devastada tras conocer la muerte de Laurent Vidal. Un campe\u00f3n, un visionario y un hombre muy querido en la comunidad del triatl\u00f3n. Nunca ser\u00e1s olvidado<\/em>&#8220;.<\/p>\n","protected":false},"excerpt":{"rendered":"<p>A trav\u00e9s de las redes sociales, numerosos triatletas internacionales y personalidades le han enviado mensajes de apoyo a la familia de Laurent Vidal.<\/p>\n","protected":false},"author":12,"featured_media":39826,"comment_status":"open","ping_status":"open","sticky":false,"template":"","format":"standard","meta":{"_acf_changed":false,"rank_math_lock_modified_date":false,"footnotes":""},"categories":[17,16,2033],"tags":[3834,3833,3829,3831,3832,2387],"class_list":{"0":"post-39825","1":"post","2":"type-post","3":"status-publish","4":"format-standard","5":"has-post-thumbnail","7":"category-actualidad","8":"category-en-red","9":"category-sport","10":"tag-andrea-hewitt","11":"tag-distancia-olimpica","12":"tag-laurent-vidal","13":"tag-muerte","14":"tag-paro-cardiaco","15":"tag-triathlo"},"acf":[],"_links":{"self":[{"href":"https:\/\/miurltemporal.com/main/triatletasenred.sport.es\/wp-json\/wp\/v2\/posts\/39825"}],"collection":[{"href":"https:\/\/miurltemporal.com/main/triatletasenred.sport.es\/wp-json\/wp\/v2\/posts"}],"about":[{"href":"https:\/\/miurltemporal.com/main/triatletasenred.sport.es\/wp-json\/wp\/v2\/types\/post"}],"author":[{"embeddable":true,"href":"https:\/\/miurltemporal.com/main/triatletasenred.sport.es\/wp-json\/wp\/v2\/users\/12"}],"replies":[{"embeddable":true,"href":"https:\/\/miurltemporal.com/main/triatletasenred.sport.es\/wp-json\/wp\/v2\/comments?post=39825"}],"version-history":[{"count":0,"href":"https:\/\/miurltemporal.com/main/triatletasenred.sport.es\/wp-json\/wp\/v2\/posts\/39825\/revisions"}],"wp:featuredmedia":[{"embeddable":true,"href":"https:\/\/miurltemporal.com/main/triatletasenred.sport.es\/wp-json\/wp\/v2\/media\/39826"}],"wp:attachment":[{"href":"https:\/\/miurltemporal.com/main/triatletasenred.sport.es\/wp-json\/wp\/v2\/media?parent=39825"}],"wp:term":[{"taxonomy":"category","embeddable":true,"href":"https:\/\/miurltemporal.com/main/triatletasenred.sport.es\/wp-json\/wp\/v2\/categories?post=39825"},{"taxonomy":"post_tag","embeddable":true,"href":"https:\/\/miurltemporal.com/main/triatletasenred.sport.es\/wp-json\/wp\/v2\/tags?post=39825"}],"curies":[{"name":"wp","href":"https:\/\/api.w.org\/{rel}","templated":true}]}}