{"id":39585,"date":"2015-11-02T03:01:53","date_gmt":"2015-11-02T01:01:53","guid":{"rendered":"http:\/\/triatletasenred.com\/?p=39585"},"modified":"2015-11-02T03:01:53","modified_gmt":"2015-11-02T01:01:53","slug":"catseries-catalunya-cerro-una-temporada-de-gala","status":"publish","type":"post","link":"https:\/\/miurltemporal.com/main/triatletasenred.sport.es\/en-red\/catseries-catalunya-cerro-una-temporada-de-gala\/","title":{"rendered":"CatSeries Catalunya cerr\u00f3 una temporada &#8220;de gala&#8221;"},"content":{"rendered":"<p style=\"text-align: justify;\">&#8211; Perdone \u00bfpodemos pedir\u00a0tanta cerveza como queramos?\u00a0Es la pregunta que un asistente lanza con entusiasmo a uno de los camareros de la <strong>Antiga F\u00e0brica Estrella Damm<\/strong>. En este elegante emplazamiento tuvo lugar el pasado jueves la ceremonia final de <strong>entrega de premios<\/strong> del circuito CatSeries Catalunya, que reuni\u00f3 a un centenar de personas.<\/p>\n<p style=\"text-align: justify;\">Un circuito popular que, pese a debutar en el mundillo del triatl\u00f3n, ha cosechado los elogios de unos y los aplausos de otros y que no quer\u00eda cerrar su etapa de rookie sin celebrarlo con un acto que dej\u00f3 satisfechos a los presentes.<\/p>\n<p style=\"text-align: justify;\"><a href=\"https:\/\/miurltemporal.com/main/triatletasenred.sport.es\/wp-content\/uploads\/foto-21.jpg\"><img fetchpriority=\"high\" decoding=\"async\" class=\"size-medium wp-image-39595 alignleft\" src=\"https:\/\/miurltemporal.com/main/triatletasenred.sport.es\/wp-content\/uploads\/foto-21-300x200.jpg\" alt=\"foto 2\" width=\"300\" height=\"200\" srcset=\"https:\/\/miurltemporal.com/main/triatletasenred.sport.es\/wp-content\/uploads\/foto-21-300x200.jpg 300w, https:\/\/miurltemporal.com/main/triatletasenred.sport.es\/wp-content\/uploads\/foto-21-700x468.jpg 700w, https:\/\/miurltemporal.com/main/triatletasenred.sport.es\/wp-content\/uploads\/foto-21-1024x684.jpg 1024w, https:\/\/miurltemporal.com/main/triatletasenred.sport.es\/wp-content\/uploads\/foto-21.jpg 1060w\" sizes=\"(max-width: 300px) 100vw, 300px\" \/><\/a>Los triatletas (y acompa\u00f1antes) que entran en la vistosa Antiga F\u00e0brica Damm de Barcelona se encuentran de entrada con <strong>un<\/strong> <strong>escenario tentador<\/strong>: una barra de bar donde poder refrigerarse con\u00a0cerveza (con opci\u00f3n a beber clara, que hay que mantener la l\u00ednea), una multitud de amigos y compa\u00f1eros de fatigas y un\u00a0photocall improvisado que permit\u00eda lucir esmoquin o sudadera, en funci\u00f3n del grado de seducci\u00f3n que quer\u00eda alcanzar\u00a0cada uno. Eso s\u00ed, servidor no encontr\u00f3 a nadie que llevara una camiseta de finisher. <strong>Un misterio<\/strong>.<\/p>\n<p style=\"text-align: justify;\">Los asistentes suben\u00a0al \u00e1tico del edificio, donde una adornada sala ya espera el inicio del acto. &#8220;Vamos bien, aqu\u00ed tambi\u00e9n hay para beber&#8221; escucho decir a un joven triatleta. No, no es el mismo que el del principio. Con un poco de retraso empieza la ceremonia con Gonzalo Marchena como presentador. Pero antes de su <em>speech<\/em> inicial, un v\u00eddeo resumen de lo que han dado de s\u00ed las cinco pruebas de CatSeries: Cunit, Arenys de Mar, Tossa de Mar, Sant Pol de Mar y Vilanova i la Geltr\u00fa. Im\u00e1genes para tocar la fibra, para demostrar que el triatl\u00f3n no tiene fronteras y para observar qu\u00e9 bien se lo pasan los participantes. Bueno, y para confirmar que, como es habitual, siempre hay quien aparece en el v\u00eddeo como m\u00ednimo un centenar de veces. <strong>Otro misterio<\/strong>.<\/p>\n<p style=\"text-align: justify;\">Un total de cuatro categor\u00edas recibieron los trofeos\u00a0de la organizaci\u00f3n: Absoluto, Veteranos 1, Veteranos 2 y Sub-23. Entre ellos,\u00a0triatletas experimentados, novatos y muchos (la mayor\u00eda) que expresaron su deseo de seguir practicando el triatl\u00f3n. <strong>Una adicci\u00f3n<\/strong> que va al alza y que demuestra que solo hay que levantarse y salir a entrenar para superarse a uno mismo. Si no, que se lo pregunten a la ganadora de la primera categor\u00eda de veteranos, que resumi\u00f3 su resultado as\u00ed: &#8220;Yo no hac\u00eda deporte pero mira, del sof\u00e1 a ganadora del circuito&#8221;. <strong>As\u00ed de f\u00e1cil<\/strong>.<\/p>\n<p style=\"text-align: justify;\"><a href=\"https:\/\/miurltemporal.com/main/triatletasenred.sport.es\/wp-content\/uploads\/foto-4.png\"><img decoding=\"async\" class=\"alignright wp-image-39599\" src=\"https:\/\/miurltemporal.com/main/triatletasenred.sport.es\/wp-content\/uploads\/foto-4-300x164.png\" alt=\"foto 4\" width=\"335\" height=\"183\" srcset=\"https:\/\/miurltemporal.com/main/triatletasenred.sport.es\/wp-content\/uploads\/foto-4-300x164.png 300w, https:\/\/miurltemporal.com/main/triatletasenred.sport.es\/wp-content\/uploads\/foto-4-700x384.png 700w, https:\/\/miurltemporal.com/main/triatletasenred.sport.es\/wp-content\/uploads\/foto-4.png 952w\" sizes=\"(max-width: 335px) 100vw, 335px\" \/><\/a>La gala, eso s\u00ed, tambi\u00e9n sirvi\u00f3 para descubrir la vertiente m\u00e1s gratificante de CatSeries, la solidaria. Primero con el proyecto <strong>Superacci\u00f3<\/strong>, que impulsa la superaci\u00f3n de menores y j\u00f3venes\u00a0en riesgo de exclusi\u00f3n social, y despu\u00e9s con <strong>#IMHeart<\/strong>, que a trav\u00e9s del deporte quiere\u00a0hacer visible una enfermedad invisible como la fibromialgia.<\/p>\n<p style=\"text-align: justify;\">Colaboradores y patrocinadores (entre los cuales tambi\u00e9n tuvieron presencia y voz CyclistLab y Viator) que son el motor de este circuito popular. Pero que no funciona sin la gasolina necesaria, es decir, los voluntarios y los participantes. Entre el murmullo general, sensaci\u00f3n que los participantes quieren <strong>una segunda edici\u00f3n<\/strong>.<\/p>\n<p style=\"text-align: justify;\">La velada termin\u00f3 en la amplia terraza del \u00e1tico, momento id\u00f3neo para comentar la jugada, lanzar retos y recordar aventuras. Tambi\u00e9n\u00a0para felicitar por sus recientes resultados dos animales del triatl\u00f3n presentes en el acto: Miquel Blanchart (17\u00ba en el Campeonato del Mundo Ironman) y Anna Rovira (7\u00ba en Ironman Barcelona). Y claro est\u00e1, <strong>todo con una Estrella Damm\u00a0en mano<\/strong>.<\/p>\n<p style=\"text-align: justify;\"><a href=\"http:\/\/triseries.cat\" target=\"_blank\" rel=\"nofollow noopener\"><img decoding=\"async\" class=\"wp-image-38022 alignleft\" src=\"https:\/\/miurltemporal.com/main/triatletasenred.sport.es\/wp-content\/uploads\/catseries-300x168.jpg\" alt=\"catseries\" width=\"346\" height=\"194\" \/><\/a><\/p>\n","protected":false},"excerpt":{"rendered":"<p>El pasado jueves la Antiga F\u00e0brica Estrella Damm acogi\u00f3 la gala final del circuito CatSeries Catalunya. No falt\u00f3 de nada: cerveza, risas y mucho triatl\u00f3n.<\/p>\n","protected":false},"author":23,"featured_media":39594,"comment_status":"open","ping_status":"open","sticky":false,"template":"","format":"standard","meta":{"_acf_changed":false,"rank_math_lock_modified_date":false,"footnotes":""},"categories":[17,16,1191],"tags":[3616,3693,3779,158,24,2618,2940],"class_list":{"0":"post-39585","1":"post","2":"type-post","3":"status-publish","4":"format-standard","5":"has-post-thumbnail","7":"category-actualidad","8":"category-en-red","9":"category-triatlon","10":"tag-catseries","11":"tag-catseries-catalunya","12":"tag-catseries-cat","13":"tag-cyclist-lab","14":"tag-triatlon","15":"tag-triatlon-popular","16":"tag-viator"},"acf":[],"_links":{"self":[{"href":"https:\/\/miurltemporal.com/main/triatletasenred.sport.es\/wp-json\/wp\/v2\/posts\/39585"}],"collection":[{"href":"https:\/\/miurltemporal.com/main/triatletasenred.sport.es\/wp-json\/wp\/v2\/posts"}],"about":[{"href":"https:\/\/miurltemporal.com/main/triatletasenred.sport.es\/wp-json\/wp\/v2\/types\/post"}],"author":[{"embeddable":true,"href":"https:\/\/miurltemporal.com/main/triatletasenred.sport.es\/wp-json\/wp\/v2\/users\/23"}],"replies":[{"embeddable":true,"href":"https:\/\/miurltemporal.com/main/triatletasenred.sport.es\/wp-json\/wp\/v2\/comments?post=39585"}],"version-history":[{"count":0,"href":"https:\/\/miurltemporal.com/main/triatletasenred.sport.es\/wp-json\/wp\/v2\/posts\/39585\/revisions"}],"wp:featuredmedia":[{"embeddable":true,"href":"https:\/\/miurltemporal.com/main/triatletasenred.sport.es\/wp-json\/wp\/v2\/media\/39594"}],"wp:attachment":[{"href":"https:\/\/miurltemporal.com/main/triatletasenred.sport.es\/wp-json\/wp\/v2\/media?parent=39585"}],"wp:term":[{"taxonomy":"category","embeddable":true,"href":"https:\/\/miurltemporal.com/main/triatletasenred.sport.es\/wp-json\/wp\/v2\/categories?post=39585"},{"taxonomy":"post_tag","embeddable":true,"href":"https:\/\/miurltemporal.com/main/triatletasenred.sport.es\/wp-json\/wp\/v2\/tags?post=39585"}],"curies":[{"name":"wp","href":"https:\/\/api.w.org\/{rel}","templated":true}]}}