{"id":39271,"date":"2015-10-20T09:00:55","date_gmt":"2015-10-20T07:00:55","guid":{"rendered":"http:\/\/triatletasenred.com\/?p=39271"},"modified":"2015-10-20T12:11:18","modified_gmt":"2015-10-20T10:11:18","slug":"ironman-ya-tiene-fecha-para-sus-pruebas-italianas","status":"publish","type":"post","link":"https:\/\/miurltemporal.com/main/triatletasenred.sport.es\/actualidad\/ironman-ya-tiene-fecha-para-sus-pruebas-italianas\/","title":{"rendered":"Ironman ya tiene fecha para sus pruebas italianas"},"content":{"rendered":"<p style=\"text-align: justify;\">La franquicia Ironman ya ha confirmado las fechas para las pruebas Ironman e Ironman 70.3 que se celebrar\u00e1n en Italia el pr\u00f3ximo a\u00f1o. Thomas Dieckhoff, CEO de Ironman en Europa, Africa y Oriente Medio, explic\u00f3 que el Ironman European Tour acoger\u00e1 dos pruebas m\u00e1s en Italia, que se a\u00f1aden a la que ya se disputar\u00e1 en Pescara el 12 de junio. El pr\u00f3ximo 20 de agosto se celebrar\u00e1 el Ironman 70.3 Roma, mientras que el Ironman Civitavecchia se disputar\u00e1 el pr\u00f3ximo 16 de octubre de 2016. Civitavecchia est\u00e1 situada a 70 kil\u00f3metros de Roma, y ser\u00e1 la sede de la nueva prueba de larga distancia de Ironman en el sur de Europa. As\u00ed, Europa tendr\u00e1 un total de 14 pruebas de distancia Ironman.<\/p>\n<p style=\"text-align: justify;\"><a href=\"https:\/\/www.powerbar.eu\/en\" target=\"_blank\" rel=\"nofollow noopener\"><img fetchpriority=\"high\" decoding=\"async\" class=\"alignnone size-full wp-image-38706\" src=\"https:\/\/miurltemporal.com/main/triatletasenred.sport.es\/wp-content\/uploads\/PowerBar-Stronger-09.15.jpg\" alt=\"PowerBar Stronger 09.15\" width=\"910\" height=\"356\" srcset=\"https:\/\/miurltemporal.com/main/triatletasenred.sport.es\/wp-content\/uploads\/PowerBar-Stronger-09.15.jpg 910w, https:\/\/miurltemporal.com/main/triatletasenred.sport.es\/wp-content\/uploads\/PowerBar-Stronger-09.15-700x274.jpg 700w, https:\/\/miurltemporal.com/main/triatletasenred.sport.es\/wp-content\/uploads\/PowerBar-Stronger-09.15-300x117.jpg 300w\" sizes=\"(max-width: 910px) 100vw, 910px\" \/><\/a><\/p>\n","protected":false},"excerpt":{"rendered":"<p>As\u00ed lo confirm\u00f3 Thomas Dieckhoff, CEO de Ironman en Europa.<\/p>\n","protected":false},"author":12,"featured_media":39272,"comment_status":"open","ping_status":"open","sticky":false,"template":"","format":"standard","meta":{"_acf_changed":false,"rank_math_lock_modified_date":false,"footnotes":""},"categories":[17,19,1191],"tags":[404,3712,3711,3713,3688],"class_list":{"0":"post-39271","1":"post","2":"type-post","3":"status-publish","4":"format-standard","5":"has-post-thumbnail","7":"category-actualidad","8":"category-competiciones","9":"category-triatlon","10":"tag-ironman","11":"tag-ironman-70-3-italia","12":"tag-ironman-italia","13":"tag-roma","14":"tag-thomas-dieckhoff"},"acf":[],"_links":{"self":[{"href":"https:\/\/miurltemporal.com/main/triatletasenred.sport.es\/wp-json\/wp\/v2\/posts\/39271"}],"collection":[{"href":"https:\/\/miurltemporal.com/main/triatletasenred.sport.es\/wp-json\/wp\/v2\/posts"}],"about":[{"href":"https:\/\/miurltemporal.com/main/triatletasenred.sport.es\/wp-json\/wp\/v2\/types\/post"}],"author":[{"embeddable":true,"href":"https:\/\/miurltemporal.com/main/triatletasenred.sport.es\/wp-json\/wp\/v2\/users\/12"}],"replies":[{"embeddable":true,"href":"https:\/\/miurltemporal.com/main/triatletasenred.sport.es\/wp-json\/wp\/v2\/comments?post=39271"}],"version-history":[{"count":0,"href":"https:\/\/miurltemporal.com/main/triatletasenred.sport.es\/wp-json\/wp\/v2\/posts\/39271\/revisions"}],"wp:featuredmedia":[{"embeddable":true,"href":"https:\/\/miurltemporal.com/main/triatletasenred.sport.es\/wp-json\/wp\/v2\/media\/39272"}],"wp:attachment":[{"href":"https:\/\/miurltemporal.com/main/triatletasenred.sport.es\/wp-json\/wp\/v2\/media?parent=39271"}],"wp:term":[{"taxonomy":"category","embeddable":true,"href":"https:\/\/miurltemporal.com/main/triatletasenred.sport.es\/wp-json\/wp\/v2\/categories?post=39271"},{"taxonomy":"post_tag","embeddable":true,"href":"https:\/\/miurltemporal.com/main/triatletasenred.sport.es\/wp-json\/wp\/v2\/tags?post=39271"}],"curies":[{"name":"wp","href":"https:\/\/api.w.org\/{rel}","templated":true}]}}