{"id":38998,"date":"2015-10-08T07:37:27","date_gmt":"2015-10-08T05:37:27","guid":{"rendered":"http:\/\/triatletasenred.com\/?p=38998"},"modified":"2015-10-21T14:46:54","modified_gmt":"2015-10-21T12:46:54","slug":"ironman-barcelona-en-teledeporte","status":"publish","type":"post","link":"https:\/\/miurltemporal.com/main/triatletasenred.sport.es\/en-red\/ironman-barcelona-en-teledeporte\/","title":{"rendered":"IRONMAN Barcelona en Teledeporte"},"content":{"rendered":"<p>Esta tarde el canal tem\u00e1tico Teledeporte emite un reportaje de 25 minutos con un resumen del \u00a0IRONMAN Barcelona disputado el domingo d\u00eda 4 de octubre y en el que el esloveno David Plese y la holandesa Yvonne Van Verklen vencieron con solvencia a la par que batieron los r\u00e8cords del circuito en sus respectivas categor\u00edas.<\/p>\n<p>Los mejores\u00a0atletas nacionales fueron Anna Rovira (s\u00e9ptima ) y \u00a0Xavier Torrades (d\u00e9cimo). Seg\u00fan la programaci\u00f3n de Teledeporte este reportaje se emitir\u00e1 esta tarde de jueves a las 18:15h.<\/p>\n<p><a href=\"https:\/\/www.powerbar.eu\/en\" target=\"_blank\" rel=\"nofollow noopener\"><img fetchpriority=\"high\" decoding=\"async\" class=\"alignnone size-full wp-image-39325\" src=\"https:\/\/miurltemporal.com/main/triatletasenred.sport.es\/wp-content\/uploads\/Power-Bar1.jpg\" alt=\"2012 PB logo standards\" width=\"1173\" height=\"236\" srcset=\"https:\/\/miurltemporal.com/main/triatletasenred.sport.es\/wp-content\/uploads\/Power-Bar1.jpg 1173w, https:\/\/miurltemporal.com/main/triatletasenred.sport.es\/wp-content\/uploads\/Power-Bar1-700x141.jpg 700w, https:\/\/miurltemporal.com/main/triatletasenred.sport.es\/wp-content\/uploads\/Power-Bar1-300x60.jpg 300w, https:\/\/miurltemporal.com/main/triatletasenred.sport.es\/wp-content\/uploads\/Power-Bar1-1024x206.jpg 1024w\" sizes=\"(max-width: 1173px) 100vw, 1173px\" \/><\/a><\/p>\n","protected":false},"excerpt":{"rendered":"<p>El IRONMAN Barcelona en Teledeporte con un amplio reportaje<\/p>\n","protected":false},"author":2,"featured_media":38851,"comment_status":"open","ping_status":"open","sticky":false,"template":"","format":"standard","meta":{"_acf_changed":false,"rank_math_lock_modified_date":false,"footnotes":""},"categories":[16],"tags":[404,3685,2675,24],"class_list":{"0":"post-38998","1":"post","2":"type-post","3":"status-publish","4":"format-standard","5":"has-post-thumbnail","7":"category-en-red","8":"tag-ironman","9":"tag-ironman-barcelona-en-teledeporte","10":"tag-television","11":"tag-triatlon"},"acf":[],"_links":{"self":[{"href":"https:\/\/miurltemporal.com/main/triatletasenred.sport.es\/wp-json\/wp\/v2\/posts\/38998"}],"collection":[{"href":"https:\/\/miurltemporal.com/main/triatletasenred.sport.es\/wp-json\/wp\/v2\/posts"}],"about":[{"href":"https:\/\/miurltemporal.com/main/triatletasenred.sport.es\/wp-json\/wp\/v2\/types\/post"}],"author":[{"embeddable":true,"href":"https:\/\/miurltemporal.com/main/triatletasenred.sport.es\/wp-json\/wp\/v2\/users\/2"}],"replies":[{"embeddable":true,"href":"https:\/\/miurltemporal.com/main/triatletasenred.sport.es\/wp-json\/wp\/v2\/comments?post=38998"}],"version-history":[{"count":0,"href":"https:\/\/miurltemporal.com/main/triatletasenred.sport.es\/wp-json\/wp\/v2\/posts\/38998\/revisions"}],"wp:featuredmedia":[{"embeddable":true,"href":"https:\/\/miurltemporal.com/main/triatletasenred.sport.es\/wp-json\/wp\/v2\/media\/38851"}],"wp:attachment":[{"href":"https:\/\/miurltemporal.com/main/triatletasenred.sport.es\/wp-json\/wp\/v2\/media?parent=38998"}],"wp:term":[{"taxonomy":"category","embeddable":true,"href":"https:\/\/miurltemporal.com/main/triatletasenred.sport.es\/wp-json\/wp\/v2\/categories?post=38998"},{"taxonomy":"post_tag","embeddable":true,"href":"https:\/\/miurltemporal.com/main/triatletasenred.sport.es\/wp-json\/wp\/v2\/tags?post=38998"}],"curies":[{"name":"wp","href":"https:\/\/api.w.org\/{rel}","templated":true}]}}