{"id":38931,"date":"2015-10-07T16:39:44","date_gmt":"2015-10-07T14:39:44","guid":{"rendered":"http:\/\/triatletasenred.com\/?p=38931"},"modified":"2015-10-07T17:16:30","modified_gmt":"2015-10-07T15:16:30","slug":"gran-fondo-tarragona-2","status":"publish","type":"post","link":"https:\/\/miurltemporal.com/main/triatletasenred.sport.es\/en-red\/gran-fondo-tarragona-2\/","title":{"rendered":"Cr\u00f3nica desde el dorsal de la Gran Fondo Tarragona"},"content":{"rendered":"<p class=\"p1\" style=\"text-align: justify;\"><span class=\"s1\"><strong>JOAN BORR\u00c0S\/JUDITH P\u00c9REZ<\/strong> (Tarragona). Segunda edici\u00f3n de esta \u00a0<a href=\"http:\/\/granfondotarragona.com\/\" target=\"_blank\" rel=\"nofollow noopener\">Gran Fondo Tarragona<\/a>, marcha organizada por Xalenx Sports Events\u00a0repitiendo distancias con la modalidad Gran Fondo (160 km y 2.360 D+) y Medio Fondo (107 km y 1.360 D+), aunque modificando la fecha, adelantando la marcha al primer domingo de octubre. Este a\u00f1o exist\u00eda la posibilidad de recoger el dorsal y maillot de la prueba en la tienda Orbea de Barcelona, aspecto que se agradece para los que nos desplazamos desde la ciudad condal.<\/span><\/p>\n<p class=\"p1\" style=\"text-align: justify;\"><span class=\"s1\">\u00a0Antes de entrar en materia, remarcaremos una incidencia que qued\u00f3 para la an\u00e9cdota ya que, a dos d\u00edas de la prueba se comprueba como el tejido del maillot no es tan el\u00e1stico como se preve\u00eda, as\u00ed que la organizaci\u00f3n reacciona, decide que su uso ya no ser\u00e1 obligatorio, e igualmente ofrece un cambio por una talla m\u00e1s a la solicitada. Y para la gente que se ha quedado sin, el compromiso de que en tres semanas lo tendr\u00e1. Un 10 para ellos!<\/span><\/p>\n<p class=\"p1\" style=\"text-align: justify;\"><span class=\"s1\">\u00a0Finalmente el domingo a las 8:30 puntuales se iniciaba la \u00a0<a href=\"http:\/\/granfondotarragona.com\/\" target=\"_blank\" rel=\"nofollow noopener\">Gran Fondo Tarragona<\/a> en marcha conjunta de los 700 corredores entre medio y gran fondo compartiendo los 40 primeros km por un llaneo sinuoso hasta el pueblo de la Riba. Como novedad que se coment\u00f3 con alivio entre los ciclistas, esta edici\u00f3n no pas\u00f3 por dentro del casco antiguo tarraconense \u2013 hecho que personalmente ech\u00e9 de menos -.\u00a0<\/span><\/p>\n<p class=\"p1\" style=\"text-align: justify;\"><span class=\"s1\"><a href=\"http:\/\/granfondotarragona.com\/\" rel=\"nofollow noopener\" target=\"_blank\"><img fetchpriority=\"high\" decoding=\"async\" class=\"alignleft wp-image-38935\" src=\"https:\/\/miurltemporal.com/main/triatletasenred.sport.es\/wp-content\/uploads\/GF-tarragona-2-1024x678.jpg\" alt=\"GF tarragona 2\" width=\"520\" height=\"344\" srcset=\"https:\/\/miurltemporal.com/main/triatletasenred.sport.es\/wp-content\/uploads\/GF-tarragona-2-1024x678.jpg 1024w, https:\/\/miurltemporal.com/main/triatletasenred.sport.es\/wp-content\/uploads\/GF-tarragona-2-700x464.jpg 700w, https:\/\/miurltemporal.com/main/triatletasenred.sport.es\/wp-content\/uploads\/GF-tarragona-2-300x198.jpg 300w, https:\/\/miurltemporal.com/main/triatletasenred.sport.es\/wp-content\/uploads\/GF-tarragona-2.jpg 1232w\" sizes=\"(max-width: 520px) 100vw, 520px\" \/><\/a>Una vez llegados a la Riba empieza un tramo de unos 7km que nos dejar\u00e1 en el pueblo de Farena donde, finalmente, encontramos un anhelado avituallamiento (fenomenalmente surtido con s\u00e1ndwiches de nutella y queso, naranjas, pl\u00e1tanos, frutos secos, golosinas y refrescos varios) justo antes de enfrentarnos a una temida rampa de 1km con pendiente media del 15%. Una vez superada esta, los circuitos se separan, para los participantes del Gran Fondo empieza un tramo rompepiernas, por los preciosos paisajes y duras subidas de la zona entre Prades y la Mussara. Con especial menci\u00f3n a la subida desde el pantano de Siurana hasta el pueblo de Arbol\u00ed.<\/span><\/p>\n<p class=\"p1\" style=\"text-align: justify;\"><span class=\"s1\">Entre r\u00e1pidas bajadas, duras subidas y poco tramo llano, los <\/span><span class=\"s2\">ciclistas <\/span><span class=\"s1\">de la Gran Fondo terminamos subiendo la Mussara, donde nos volvemos a juntar los dos circuitos y, tras un pen\u00faltimo avituallamiento ya en la bajada de Montral, donde el elemento estrella fue nuevamente el s\u00e1ndwich de nutella, emprendemos un veloz descenso hasta Alcover, para retomar el llaneo que nos llevar\u00e1 nuevamente hasta la costa mediterr\u00e1nea y la ansiada l\u00ednea de meta de Tarragona, donde nos espera un \u00faltimo y complet\u00edsimo avituallamiento en l\u00ednea de meta<\/span><span class=\"s1\">, vestuario, p\u00e1rking&#8230;<\/span><\/p>\n<p class=\"p1\" style=\"text-align: justify;\"><span class=\"s1\">Si bien el tiempo no permiti\u00f3 disfrutar de las impresionantes vistas hasta el mar que sueles tener rodando por la Mussara, llegando a rodar bajo una ligera neblina mientras nos refrescaban cuatro gotas de lluvia, tambi\u00e9n permiti\u00f3 rodar sin tener que luchar contra el temido viento y que nadie se quemase bajo el cielo nublado.<\/span><\/p>\n<p class=\"p1\" style=\"text-align: justify;\"><span class=\"s1\">Por \u00faltimo felicitar a la organizaci\u00f3n por la carrera que empieza a consolidarse y abrirse hueco en los calendarios de los ciclistas, tanto por el circuito perfectamente marcado, como los paisajes y los \u00e1nimos de los voluntarios, como especialmente por su capacidad de reacci\u00f3n ante eventualidades como con el problema de los maillots. Punto a mejorar pero que en nada desmerece esta marcha ser\u00eda <\/span><span class=\"s1\">\u00a0intentar agilizar un poco el ritmo de salida, ya que pr\u00e1cticamente los primeros 20km se ruedan en pelot\u00f3n neutralizado.<\/span><\/p>\n","protected":false},"excerpt":{"rendered":"<p>JOAN BORR\u00c0S\/JUDITH P\u00c9REZ (Tarragona). Segunda edici\u00f3n de esta \u00a0Gran Fondo Tarragona, marcha organizada por Xalenx Sports Events\u00a0repitiendo distancias con la modalidad Gran Fondo (160 km y 2.360 D+) y Medio Fondo (107 km y 1.360 D+), aunque modificando la fecha, adelantando la marcha al primer domingo de octubre. Este a\u00f1o exist\u00eda la posibilidad de recoger [&hellip;]<\/p>\n","protected":false},"author":2,"featured_media":38934,"comment_status":"open","ping_status":"open","sticky":false,"template":"","format":"standard","meta":{"_acf_changed":false,"rank_math_lock_modified_date":false,"footnotes":""},"categories":[2833,16],"tags":[111,2063,3433,24,467,3683],"class_list":{"0":"post-38931","1":"post","2":"type-post","3":"status-publish","4":"format-standard","5":"has-post-thumbnail","7":"category-cicloturismo","8":"category-en-red","9":"tag-ciclismo","10":"tag-cicloturismo","11":"tag-gran-fondo-tarragona","12":"tag-triatlon","13":"tag-turismo-deportivo","14":"tag-xalenx-sports-events"},"acf":[],"_links":{"self":[{"href":"https:\/\/miurltemporal.com/main/triatletasenred.sport.es\/wp-json\/wp\/v2\/posts\/38931"}],"collection":[{"href":"https:\/\/miurltemporal.com/main/triatletasenred.sport.es\/wp-json\/wp\/v2\/posts"}],"about":[{"href":"https:\/\/miurltemporal.com/main/triatletasenred.sport.es\/wp-json\/wp\/v2\/types\/post"}],"author":[{"embeddable":true,"href":"https:\/\/miurltemporal.com/main/triatletasenred.sport.es\/wp-json\/wp\/v2\/users\/2"}],"replies":[{"embeddable":true,"href":"https:\/\/miurltemporal.com/main/triatletasenred.sport.es\/wp-json\/wp\/v2\/comments?post=38931"}],"version-history":[{"count":0,"href":"https:\/\/miurltemporal.com/main/triatletasenred.sport.es\/wp-json\/wp\/v2\/posts\/38931\/revisions"}],"wp:featuredmedia":[{"embeddable":true,"href":"https:\/\/miurltemporal.com/main/triatletasenred.sport.es\/wp-json\/wp\/v2\/media\/38934"}],"wp:attachment":[{"href":"https:\/\/miurltemporal.com/main/triatletasenred.sport.es\/wp-json\/wp\/v2\/media?parent=38931"}],"wp:term":[{"taxonomy":"category","embeddable":true,"href":"https:\/\/miurltemporal.com/main/triatletasenred.sport.es\/wp-json\/wp\/v2\/categories?post=38931"},{"taxonomy":"post_tag","embeddable":true,"href":"https:\/\/miurltemporal.com/main/triatletasenred.sport.es\/wp-json\/wp\/v2\/tags?post=38931"}],"curies":[{"name":"wp","href":"https:\/\/api.w.org\/{rel}","templated":true}]}}