{"id":38913,"date":"2015-10-08T07:08:06","date_gmt":"2015-10-08T05:08:06","guid":{"rendered":"http:\/\/triatletasenred.com\/?p=38913"},"modified":"2016-02-25T17:21:45","modified_gmt":"2016-02-25T15:21:45","slug":"richard-calle-se-que-es-dificil-pero-espero-repetir-lo-logrado-en-2013","status":"publish","type":"post","link":"https:\/\/miurltemporal.com/main/triatletasenred.sport.es\/en-red\/richard-calle-se-que-es-dificil-pero-espero-repetir-lo-logrado-en-2013\/","title":{"rendered":"Richard Calle: &#8220;Se que es dificil, pero espero repetir lo logrado en 2013&#8221;"},"content":{"rendered":"<p style=\"text-align: justify;\">El triatleta de Viladecans <strong>Richard Calle<\/strong> estuvo presente el fin de semana en Calella como un espectador m\u00e1s de la segunda edici\u00f3n del Ironman Barcelona. De esta manera, el catal\u00e1n volvi\u00f3 al lugar del crimen, a la ciudad donde en 2013 se proclam\u00f3 campe\u00f3n de Espa\u00f1a de Larga Distancia, cuando por entonces la prueba era Challenge Barcelona-Maresme.<\/p>\n<p style=\"text-align: justify;\">Calle anim\u00f3 a los corredores el domingo en Calella mientras que el d\u00eda anterior estuvo presente en la EXPO Sports, concretamente en el stand de <strong>Viator<\/strong> donde present\u00f3 en sociedad la <a href=\"http:\/\/viator.es\/actualidad\/ropa-deportiva-personalizada\/\" target=\"_blank\" rel=\"nofollow noopener\">nueva l\u00ednea<\/a> de ropa <a href=\"http:\/\/viator.es\/actualidad\/nueva-linea-viator-bcn\/\" target=\"_blank\" rel=\"nofollow noopener\"><strong>VIATOR-BCN<\/strong><\/a>. As\u00ed pues, el triatleta habl\u00f3 de las caracter\u00edsticas y ventajas\u00a0que ofrecen las prendas de esta nueva l\u00ednea para la temporada 2015-2016, inspirada en la ciudad de Barcelona:\u00a0el dos piezas (Kona-Lanza), el maillot y culotte as\u00ed como la camiseta de tirantes de atletismo y la membrana. Calle se mostr\u00f3\u00a0especialmente satisfecho por la <strong>l\u00ednea exclusiva de ropa femenina<\/strong>, una novedad de Viator que apunta a ser todo un \u00e9xito.<\/p>\n<p style=\"text-align: justify;\">El catal\u00e1n\u00a0volvi\u00f3 a vibrar con el triatl\u00f3n desde la barrera, como ha sucedido a lo largo del a\u00f1o debido a una grave lesi\u00f3n que le ha tenido en el dique seco durante muchos meses. Pero su recuperaci\u00f3n est\u00e1 en la recta final y cada vez queda menos para verle competir de nuevo.<\/p>\n<p style=\"text-align: justify;\"><a href=\"https:\/\/miurltemporal.com/main/triatletasenred.sport.es\/wp-content\/uploads\/calle-1.jpg\"><img fetchpriority=\"high\" decoding=\"async\" class=\"alignleft wp-image-38922\" src=\"https:\/\/miurltemporal.com/main/triatletasenred.sport.es\/wp-content\/uploads\/calle-1-300x287.jpg\" alt=\"calle 1\" width=\"261\" height=\"250\" srcset=\"https:\/\/miurltemporal.com/main/triatletasenred.sport.es\/wp-content\/uploads\/calle-1-300x287.jpg 300w, https:\/\/miurltemporal.com/main/triatletasenred.sport.es\/wp-content\/uploads\/calle-1.jpg 640w\" sizes=\"(max-width: 261px) 100vw, 261px\" \/><\/a>En una intensa charla con <em><strong>Triatletas en Red<\/strong><\/em>, Calle se mostr\u00f3 optimista acerca de su recuperaci\u00f3n final y coment\u00f3 como se est\u00e1 sintiendo en las diferentes disciplinas: &#8220;Nadando estoy perfecto. De hecho, consegu\u00ed nadar en unos Campeonatos de Espa\u00f1a Master para motivarme y coger algo de nivel y pude ver que me defiendo.\u00a0En bicicleta me faltan kil\u00f3metros pero de ritmo estoy bastante bien. La carrera a pie es lo que m\u00e1s me est\u00e1 costando y requiere de un proceso lento&#8221;.<\/p>\n<p style=\"text-align: justify;\">Tal y como coment\u00f3, la temporada 2015 ya est\u00e1 terminada y no hay prisa para empezar el 2016 poco a poco. Eso s\u00ed, <strong>no quiere poner una fecha de regreso<\/strong>: &#8220;Este a\u00f1o quer\u00eda hacer alguna prueba de corta distancia como el triatl\u00f3n de Vilanova i la Geltr\u00fa del circuito <a href=\"http:\/\/triseries.cat\/\" target=\"_blank\" rel=\"nofollow noopener\">CATSeries<\/a> pero a\u00fan no estaba recuperado. Prefiero ponerme en forma y hacerlo bien porque muchas\u00a0veces las prisas no son buenas\u201d.<\/p>\n<p style=\"text-align: justify;\">Pese a la cautela y las ganas de progresar lentamente, para Calle es inevitable mirar lejos, hacia <strong>la larga distancia<\/strong>: &#8220;La idea es empezar con corta distancia y hacerlo gradual pero es evidente que donde me encuentro m\u00e1s a gusto y donde he encontrado m\u00e1s recompensas es en la larga distancia. Espero volver por ejemplo en el Ironman Barcelona y repetir lo que hice en 2013, que ser\u00eda dif\u00edcil pero no ser\u00e1 por no intentarlo\u201d.<\/p>\n<p style=\"text-align: justify;\">Calle mostr\u00f3 sus ganas de olvidar la lesi\u00f3n pero algunas secuelas a\u00fan est\u00e1n presentes y sigue notando molestias. Una lesi\u00f3n de la que quiere sacarle la parte positiva: &#8220;Soy de los que\u00a0creo que todo pasa por alguna raz\u00f3n y\u00a0la verdad es que <strong>te haces m\u00e1s fuerte de mente<\/strong>, adem\u00e1s de valorar otras cosas. Siempre tienes que sacar algo positivo de una lesi\u00f3n as\u00ed. Los atletas de deportes m\u00e1s minoritarios siempre queremos recuperarnos lo antes posible pero tenemos que ir a m\u00e9dicos, hay unos gastos y no somos como los futbolistas profesionales que tienen sus recuperadores cada d\u00eda. Nosotros tenemos que escuchar el m\u00e9dico y hacerlo lentamente\u201d.<\/p>\n<p style=\"text-align: justify;\">Lejos de evitar el triatl\u00f3n, Calle ha mantenido\u00a0contacto con su pasi\u00f3n aunque sea haci\u00e9ndolo como entrenador, animando y dando consejos, &#8220;as\u00ed cojo motivaci\u00f3n y m\u00e1s ganas de recuperarme&#8221;.<\/p>\n<p style=\"text-align: justify;\">A\u00a0pocas horas del Campeonato del Mundo Ironman de Kona, el de Viladecans tambi\u00e9n hizo su particular an\u00e1lisis de una prueba donde <strong>Jan Frodeno<\/strong> parte como destacado favorito: &#8220;Casi todos apuestan por Frodeno. S\u00ed que es verdad que est\u00e1 muy fuerte y el a\u00f1o pasado ya qued\u00f3 segundo pero Kona es una prueba muy especial, que hay que preparar a conciencia&#8221;. En este sentido, Richard Calle apost\u00f3 por <strong>los triatletas espa\u00f1oles<\/strong>: &#8220;Tenemos a Miquel (Blanchart), que debuta y que se le puede hacer dura la bici pero que corre muy bien; a Ra\u00f1a, que lleva todo el a\u00f1o prepar\u00e1ndola y tiene experiencia, al igual que Eneko (Llanos) y Clemente, que tendr\u00e1n sus oportunidades. Alguno de los cuatro seguro que har\u00e1 frente a la armada extranjera&#8221;.<\/p>\n<p><a href=\"http:\/\/viator.es\" target=\"_blank\" rel=\"nofollow noopener\"><img decoding=\"async\" class=\"alignleft size-full wp-image-36383\" src=\"https:\/\/miurltemporal.com/main/triatletasenred.sport.es\/wp-content\/uploads\/banner-viator-triatlon-1.gif\" alt=\"banner-viator-triatlon-1\" width=\"300\" height=\"150\" \/><\/a><\/p>\n","protected":false},"excerpt":{"rendered":"<p>Richard Calle estuvo presente en el Ironman Barcelona presentando la nueva l\u00ednea de ropa de Viator y habl\u00f3 con Triatletas en Red de su recuperaci\u00f3n.<\/p>\n","protected":false},"author":23,"featured_media":38921,"comment_status":"open","ping_status":"open","sticky":false,"template":"","format":"standard","meta":{"_acf_changed":false,"rank_math_lock_modified_date":false,"footnotes":""},"categories":[17,16,1191],"tags":[1976,537,24,2940],"class_list":{"0":"post-38913","1":"post","2":"type-post","3":"status-publish","4":"format-standard","5":"has-post-thumbnail","7":"category-actualidad","8":"category-en-red","9":"category-triatlon","10":"tag-ironman-barcelona","11":"tag-richard-calle","12":"tag-triatlon","13":"tag-viator"},"acf":[],"_links":{"self":[{"href":"https:\/\/miurltemporal.com/main/triatletasenred.sport.es\/wp-json\/wp\/v2\/posts\/38913"}],"collection":[{"href":"https:\/\/miurltemporal.com/main/triatletasenred.sport.es\/wp-json\/wp\/v2\/posts"}],"about":[{"href":"https:\/\/miurltemporal.com/main/triatletasenred.sport.es\/wp-json\/wp\/v2\/types\/post"}],"author":[{"embeddable":true,"href":"https:\/\/miurltemporal.com/main/triatletasenred.sport.es\/wp-json\/wp\/v2\/users\/23"}],"replies":[{"embeddable":true,"href":"https:\/\/miurltemporal.com/main/triatletasenred.sport.es\/wp-json\/wp\/v2\/comments?post=38913"}],"version-history":[{"count":0,"href":"https:\/\/miurltemporal.com/main/triatletasenred.sport.es\/wp-json\/wp\/v2\/posts\/38913\/revisions"}],"wp:featuredmedia":[{"embeddable":true,"href":"https:\/\/miurltemporal.com/main/triatletasenred.sport.es\/wp-json\/wp\/v2\/media\/38921"}],"wp:attachment":[{"href":"https:\/\/miurltemporal.com/main/triatletasenred.sport.es\/wp-json\/wp\/v2\/media?parent=38913"}],"wp:term":[{"taxonomy":"category","embeddable":true,"href":"https:\/\/miurltemporal.com/main/triatletasenred.sport.es\/wp-json\/wp\/v2\/categories?post=38913"},{"taxonomy":"post_tag","embeddable":true,"href":"https:\/\/miurltemporal.com/main/triatletasenred.sport.es\/wp-json\/wp\/v2\/tags?post=38913"}],"curies":[{"name":"wp","href":"https:\/\/api.w.org\/{rel}","templated":true}]}}