{"id":38877,"date":"2015-10-06T12:27:35","date_gmt":"2015-10-06T10:27:35","guid":{"rendered":"http:\/\/triatletasenred.com\/?p=38877"},"modified":"2015-10-06T12:27:35","modified_gmt":"2015-10-06T10:27:35","slug":"mario-mola-recibe-la-medalla-de-bronce-de-la-real-orden-al-merito-deportivo","status":"publish","type":"post","link":"https:\/\/miurltemporal.com/main/triatletasenred.sport.es\/en-red\/mario-mola-recibe-la-medalla-de-bronce-de-la-real-orden-al-merito-deportivo\/","title":{"rendered":"Mario Mola recibe la medalla de bronce de la Real Orden al M\u00e9rito Deportivo"},"content":{"rendered":"<p style=\"text-align: justify;\">El triatleta balear Mario Mola, recientemente proclamado subcampe\u00f3n del mundo de las Series Mundiales, recibi\u00f3 este lunes la medalla de bronce de la Real Orden al M\u00e9rito Deportivo a manos de Miguel Cardenal, presidente del Consejo Superior de Deportes (CSD). El distintivo le fue concedido en 2014 y se le ha entregado este lunes en el marco de la presentaci\u00f3n del Club Deportivo Sacyr, uno de los patrocinadores de Mario Mola. En el acto ha estado acompa\u00f1ado de su pareja y tambi\u00e9n triatleta, Carolina Routier, as\u00ed como de su representante y del presidente de la Federaci\u00f3n Espa\u00f1ola de Triatl\u00f3n, Jos\u00e9 Hidalgo. Adem\u00e1s, han acudido el resto de deportistas que se incluyen en el programa deportivo de Sacyr.<\/p>\n<p style=\"text-align: justify;\">Mola ha aterrizado en Madrid tras vencer en la \u00faltima prueba del Grand Prix de Niza, disputada este s\u00e1bado. La pr\u00f3xima competici\u00f3n del balear ser\u00e1 en su tierra, debutando en media distancia en el Challenge Paguera-Mallorca del pr\u00f3ximo 17 de octubre. <a href=\"https:\/\/www.facebook.com\/592796837489731\/videos\/vb.592796837489731\/614141212021960\/?type=2&amp;theater\" target=\"_blank\" rel=\"nofollow noopener\">Y as\u00ed ha sido recibido el balear a su llegada al aeropuerto de Mallorca.<\/a>\u00a0Cerca de 100 personas han ido a darle la calurosa bienvenida al aeropuerto.<\/p>\n<div class=\"youtube-embed\" data-video_id=\"e6hJBdLfKL0\"><iframe title=\"Mario Mola recibe la medalla de la ROMD en la puesta de largo del Club Deportivo Sacyr\" width=\"696\" height=\"392\" src=\"https:\/\/www.youtube.com\/embed\/e6hJBdLfKL0?list=PLODuWHTmhJRFluEHjRGp-epfUCtSnej_F\" frameborder=\"0\" allow=\"accelerometer; autoplay; clipboard-write; encrypted-media; gyroscope; picture-in-picture; web-share\" allowfullscreen><\/iframe><\/div>\n","protected":false},"excerpt":{"rendered":"<p>El balear ha sido condecorado este lunes en Madrid.<\/p>\n","protected":false},"author":12,"featured_media":38891,"comment_status":"open","ping_status":"open","sticky":false,"template":"","format":"standard","meta":{"_acf_changed":false,"rank_math_lock_modified_date":false,"footnotes":""},"categories":[17,16,1191],"tags":[],"class_list":{"0":"post-38877","1":"post","2":"type-post","3":"status-publish","4":"format-standard","5":"has-post-thumbnail","7":"category-actualidad","8":"category-en-red","9":"category-triatlon"},"acf":[],"_links":{"self":[{"href":"https:\/\/miurltemporal.com/main/triatletasenred.sport.es\/wp-json\/wp\/v2\/posts\/38877"}],"collection":[{"href":"https:\/\/miurltemporal.com/main/triatletasenred.sport.es\/wp-json\/wp\/v2\/posts"}],"about":[{"href":"https:\/\/miurltemporal.com/main/triatletasenred.sport.es\/wp-json\/wp\/v2\/types\/post"}],"author":[{"embeddable":true,"href":"https:\/\/miurltemporal.com/main/triatletasenred.sport.es\/wp-json\/wp\/v2\/users\/12"}],"replies":[{"embeddable":true,"href":"https:\/\/miurltemporal.com/main/triatletasenred.sport.es\/wp-json\/wp\/v2\/comments?post=38877"}],"version-history":[{"count":0,"href":"https:\/\/miurltemporal.com/main/triatletasenred.sport.es\/wp-json\/wp\/v2\/posts\/38877\/revisions"}],"wp:featuredmedia":[{"embeddable":true,"href":"https:\/\/miurltemporal.com/main/triatletasenred.sport.es\/wp-json\/wp\/v2\/media\/38891"}],"wp:attachment":[{"href":"https:\/\/miurltemporal.com/main/triatletasenred.sport.es\/wp-json\/wp\/v2\/media?parent=38877"}],"wp:term":[{"taxonomy":"category","embeddable":true,"href":"https:\/\/miurltemporal.com/main/triatletasenred.sport.es\/wp-json\/wp\/v2\/categories?post=38877"},{"taxonomy":"post_tag","embeddable":true,"href":"https:\/\/miurltemporal.com/main/triatletasenred.sport.es\/wp-json\/wp\/v2\/tags?post=38877"}],"curies":[{"name":"wp","href":"https:\/\/api.w.org\/{rel}","templated":true}]}}