{"id":38599,"date":"2015-09-23T22:18:31","date_gmt":"2015-09-23T20:18:31","guid":{"rendered":"http:\/\/triatletasenred.com\/?p=38599"},"modified":"2015-10-01T15:10:20","modified_gmt":"2015-10-01T13:10:20","slug":"victor-del-corral-no-competira-en-kona","status":"publish","type":"post","link":"https:\/\/miurltemporal.com/main/triatletasenred.sport.es\/en-red\/victor-del-corral-no-competira-en-kona\/","title":{"rendered":"Victor del Corral no competir\u00e1 en Kona"},"content":{"rendered":"<p style=\"text-align: justify;\">Las lesiones obligan a V\u00edctor del Corral a renunciar a Kona. El catal\u00e1n no podr\u00e1 competir en el Ironman de Haw\u00e1i, que se celebra el pr\u00f3ximo 10 de octubre. As\u00ed lo ha comunicado en su p\u00e1gina de Facebook esta noche. &#8220;<em>Se confirman las sospechas, despu\u00e9s de tantos meses con molestias en el pie, una resonancia magn\u00e9tica confirma el motivo de los dolores, fractura por estr\u00e9s del calc\u00e1neo. Despu\u00e9s de un a\u00f1o de mucho trabajo buscando la clasificaci\u00f3n para Kona, tengo que decir adi\u00f3s a la prueba y dar por acabada la temporada.\u00a0<\/em><em>Ahora todos los esfuerzos hay que centrarlos en la recuperaci\u00f3n, tendr\u00e1n que pasar unas cu<\/em><span class=\"text_exposed_show\"><em>antas semanas para volver a correr, pero al menos espero que cuando vuelva ha hacerlo sea sin dolor. Bye Bye Kona\u2026 nos vemos en 2016<\/em>&#8221; escrib\u00eda el catal\u00e1n en su Facebook<\/span><\/p>\n","protected":false},"excerpt":{"rendered":"<p>En un comunicado en su p\u00e1gina de Facebook, el catal\u00e1n V\u00edctor del Corral ha anunciado que no competir\u00e1 en el Ironman de Haw\u00e1i por una lesi\u00f3n.<\/p>\n","protected":false},"author":12,"featured_media":38600,"comment_status":"open","ping_status":"open","sticky":false,"template":"","format":"standard","meta":{"_acf_changed":false,"rank_math_lock_modified_date":false,"footnotes":""},"categories":[17,19,16,2033,1191],"tags":[],"class_list":{"0":"post-38599","1":"post","2":"type-post","3":"status-publish","4":"format-standard","5":"has-post-thumbnail","7":"category-actualidad","8":"category-competiciones","9":"category-en-red","10":"category-sport","11":"category-triatlon"},"acf":[],"_links":{"self":[{"href":"https:\/\/miurltemporal.com/main/triatletasenred.sport.es\/wp-json\/wp\/v2\/posts\/38599"}],"collection":[{"href":"https:\/\/miurltemporal.com/main/triatletasenred.sport.es\/wp-json\/wp\/v2\/posts"}],"about":[{"href":"https:\/\/miurltemporal.com/main/triatletasenred.sport.es\/wp-json\/wp\/v2\/types\/post"}],"author":[{"embeddable":true,"href":"https:\/\/miurltemporal.com/main/triatletasenred.sport.es\/wp-json\/wp\/v2\/users\/12"}],"replies":[{"embeddable":true,"href":"https:\/\/miurltemporal.com/main/triatletasenred.sport.es\/wp-json\/wp\/v2\/comments?post=38599"}],"version-history":[{"count":0,"href":"https:\/\/miurltemporal.com/main/triatletasenred.sport.es\/wp-json\/wp\/v2\/posts\/38599\/revisions"}],"wp:featuredmedia":[{"embeddable":true,"href":"https:\/\/miurltemporal.com/main/triatletasenred.sport.es\/wp-json\/wp\/v2\/media\/38600"}],"wp:attachment":[{"href":"https:\/\/miurltemporal.com/main/triatletasenred.sport.es\/wp-json\/wp\/v2\/media?parent=38599"}],"wp:term":[{"taxonomy":"category","embeddable":true,"href":"https:\/\/miurltemporal.com/main/triatletasenred.sport.es\/wp-json\/wp\/v2\/categories?post=38599"},{"taxonomy":"post_tag","embeddable":true,"href":"https:\/\/miurltemporal.com/main/triatletasenred.sport.es\/wp-json\/wp\/v2\/tags?post=38599"}],"curies":[{"name":"wp","href":"https:\/\/api.w.org\/{rel}","templated":true}]}}