{"id":38596,"date":"2015-09-24T07:40:28","date_gmt":"2015-09-24T05:40:28","guid":{"rendered":"http:\/\/triatletasenred.com\/?p=38596"},"modified":"2015-09-23T23:31:13","modified_gmt":"2015-09-23T21:31:13","slug":"dos-anos-de-recuperacion-y-victorias-para-camilla-pedersen","status":"publish","type":"post","link":"https:\/\/miurltemporal.com/main/triatletasenred.sport.es\/actualidad\/dos-anos-de-recuperacion-y-victorias-para-camilla-pedersen\/","title":{"rendered":"Dos a\u00f1os de recuperaci\u00f3n y victorias para Camilla Pedersen"},"content":{"rendered":"<p style=\"text-align: justify;\">El martes fue un d\u00eda corriente\u00a0para muchos. Nada especial. Pero no fue uno m\u00e1s para <strong>Camilla Pedersen<\/strong>. Seguramente, la danesa ya se levant\u00f3 nerviosa y quiz\u00e1 incluso emocionada. El martes hizo dos a\u00f1os exactos que la guapa triatleta <strong>despert\u00f3 del coma<\/strong>, estado en el que estuvo un mes.<\/p>\n<p style=\"text-align: justify;\">Pero hacemos memoria. Pedersen estaba entrenando en bicicleta su Esbjerb natal cuando sufri\u00f3 un grave accidente. El diagn\u00f3stico, varias fracturas (incluido en el cr\u00e1neo) que le dejaron en estado cr\u00edtico. A partir de ese momento, varias semanas en coma inducido. El accidente fue justo antes del Ironman de Haw\u00e1i: &#8220;Estaba en la mejor forma de mi vida cuando sufr\u00ed el accidente, pero despu\u00e9s no pod\u00eda caminar&#8230; no pod\u00eda ponerme de pie&#8221; recuerda la danesa. Pero su tenacidad le hizo ir m\u00e1s all\u00e1 y no rendirse en ning\u00fan momento: &#8220;Estaba en una silla de ruedas cuando me dije que no me iba a rendir, que iba a recuperarme e iba a volver a competir. Pas\u00e9 una semana arrastr\u00e1ndome sobre las manos y las rodillas. A la semana me puse de pie otra vez&#8221;.<\/p>\n<p style=\"text-align: justify;\">Camilla Pedersen no solo volvi\u00f3 a competir sino que, siete meses despu\u00e9s, volvi\u00f3 a ganar una gran competici\u00f3n: el Challenge Fuerteventura. Un milagro deportivo conseguido, eso s\u00ed, a base de <strong>lucha, esfuerzo y mucha constancia.<\/strong> Fue un premio inmejorable. La realidad es que las victorias han vuelto y el tiempo que ha pasado desde su debut hasta hoy ha estado repleto de grandes resultados: doble campeona del Ironman 70.3 Barcelona, segunda en el Ironman Barcelona 2014, campeona del mundo de larga distancia ITU 2014 y, este a\u00f1o, campeona de Europa Ironman 70.3, entre muchos otros resultados. Gracias a esto y a su lucha, Pedersen fue condecorada a\u00a0principios de a\u00f1o como personalidad deportiva del a\u00f1o en Dinamarca del 2014.<\/p>\n<p style=\"text-align: justify;\">As\u00ed pues, Pedersen record\u00f3 el segundo aniversario desde su despertar del coma en las redes sociales. La danesa explic\u00f3 que en los \u00faltimos d\u00edas hab\u00eda estado leyendo el diario que escribi\u00f3 en su momento su hermano y que las primeras palabras que pronunci\u00f3 cuando se despert\u00f3 fueron: &#8220;Quiero irme a casa, he estado demasiado tiempo acostada aqu\u00ed&#8221; y &#8220;\u00bfQu\u00e9 pas\u00f3?&#8221;. Y cerraba el comentario con un prometedor &#8220;<strong>Nuevas aventuras est\u00e1n en camino<\/strong>&#8220;. La primera de ellas, el Campeonato del Mundo Ironman de Kona en menos de tres semanas.<\/p>\n<p><a href=\"https:\/\/miurltemporal.com/main/triatletasenred.sport.es\/wp-content\/uploads\/texto.jpg\"><img decoding=\"async\" class=\"wp-image-38602 aligncenter\" src=\"https:\/\/miurltemporal.com/main/triatletasenred.sport.es\/wp-content\/uploads\/texto-300x124.jpg\" alt=\"texto\" width=\"329\" height=\"136\" srcset=\"https:\/\/miurltemporal.com/main/triatletasenred.sport.es\/wp-content\/uploads\/texto-300x124.jpg 300w, https:\/\/miurltemporal.com/main/triatletasenred.sport.es\/wp-content\/uploads\/texto.jpg 480w\" sizes=\"(max-width: 329px) 100vw, 329px\" \/><\/a><\/p>\n","protected":false},"excerpt":{"rendered":"<p>Un grave accidente cuando entrenaba dej\u00f3 a Camilla Pedersen en coma inducido. Ahora hace dos a\u00f1os que despert\u00f3 del coma y la danesa est\u00e1 mejor que nunca.<\/p>\n","protected":false},"author":23,"featured_media":38605,"comment_status":"open","ping_status":"open","sticky":false,"template":"","format":"standard","meta":{"_acf_changed":false,"rank_math_lock_modified_date":false,"footnotes":""},"categories":[17,1191],"tags":[2504,404,2090,923,24],"class_list":{"0":"post-38596","1":"post","2":"type-post","3":"status-publish","4":"format-standard","5":"has-post-thumbnail","7":"category-actualidad","8":"category-triatlon","9":"tag-camilla-pedersen","10":"tag-ironman","11":"tag-pedersen","12":"tag-triathlon","13":"tag-triatlon"},"acf":[],"_links":{"self":[{"href":"https:\/\/miurltemporal.com/main/triatletasenred.sport.es\/wp-json\/wp\/v2\/posts\/38596"}],"collection":[{"href":"https:\/\/miurltemporal.com/main/triatletasenred.sport.es\/wp-json\/wp\/v2\/posts"}],"about":[{"href":"https:\/\/miurltemporal.com/main/triatletasenred.sport.es\/wp-json\/wp\/v2\/types\/post"}],"author":[{"embeddable":true,"href":"https:\/\/miurltemporal.com/main/triatletasenred.sport.es\/wp-json\/wp\/v2\/users\/23"}],"replies":[{"embeddable":true,"href":"https:\/\/miurltemporal.com/main/triatletasenred.sport.es\/wp-json\/wp\/v2\/comments?post=38596"}],"version-history":[{"count":0,"href":"https:\/\/miurltemporal.com/main/triatletasenred.sport.es\/wp-json\/wp\/v2\/posts\/38596\/revisions"}],"wp:featuredmedia":[{"embeddable":true,"href":"https:\/\/miurltemporal.com/main/triatletasenred.sport.es\/wp-json\/wp\/v2\/media\/38605"}],"wp:attachment":[{"href":"https:\/\/miurltemporal.com/main/triatletasenred.sport.es\/wp-json\/wp\/v2\/media?parent=38596"}],"wp:term":[{"taxonomy":"category","embeddable":true,"href":"https:\/\/miurltemporal.com/main/triatletasenred.sport.es\/wp-json\/wp\/v2\/categories?post=38596"},{"taxonomy":"post_tag","embeddable":true,"href":"https:\/\/miurltemporal.com/main/triatletasenred.sport.es\/wp-json\/wp\/v2\/tags?post=38596"}],"curies":[{"name":"wp","href":"https:\/\/api.w.org\/{rel}","templated":true}]}}