{"id":38584,"date":"2015-09-23T12:02:23","date_gmt":"2015-09-23T10:02:23","guid":{"rendered":"http:\/\/triatletasenred.com\/?p=38584"},"modified":"2015-10-16T12:52:56","modified_gmt":"2015-10-16T10:52:56","slug":"mario-mola-debutara-en-media-distancia-en-challenge-paguera","status":"publish","type":"post","link":"https:\/\/miurltemporal.com/main/triatletasenred.sport.es\/en-red\/mario-mola-debutara-en-media-distancia-en-challenge-paguera\/","title":{"rendered":"Mario Mola debutar\u00e1 en media distancia en Challenge Paguera"},"content":{"rendered":"<p style=\"text-align: justify;\">El triatleta balear Mario Mola debutar\u00e1 este 2015 en media distancia. Y lo har\u00e1 &#8216;en casa&#8217; El vigente subcampe\u00f3n del mundo en distancia ol\u00edmpica competir\u00e1 en el Challenge Paguera, que se disputa el pr\u00f3ximo 17 de octubre. As\u00ed lo ha anunciado la franquicia <a href=\"https:\/\/twitter.com\/Challenge_Famil\/status\/646623045755400192\" target=\"_blank\" rel=\"nofollow noopener\">Challenge Family<\/a> en su cuenta de Twitter. Mallorca, donde naci\u00f3 el triatleta, ser\u00e1 el lugar del debut. &#8220;<em>Breaking News: <a class=\"link-complex\" href=\"https:\/\/twitter.com\/mariomola\/\" target=\"_blank\" rel=\"user nofollow noopener\" data-user-name=\"mariomola\">@<span class=\"link-complex-target\">mariomola<\/span><\/a> to make his middle distance debut on his Mallorca home turf at <a class=\"link-complex\" href=\"https:\/\/twitter.com\/chpaguera\/\" target=\"_blank\" rel=\"user nofollow noopener\" data-user-name=\"chpaguera\">@<span class=\"link-complex-target\">chpaguera<\/span><\/a> on 17 Oct &#8211; <a class=\"url-ext\" href=\"http:\/\/t.co\/rTfy1GpRI7\" target=\"_blank\" rel=\"url nofollow\" data-full-url=\"http:\/\/www.challenge-mallorca.com\">challenge-mallorca.com<\/a><\/em>&#8221; escrib\u00edan desde la cuenta oficial de la franquicia Challenge. El balear a\u00f1adi\u00f3 que para \u00e9l es una motivaci\u00f3n correr en casa. &#8220;Ya casi no recuerdo el \u00faltimo triatl\u00f3n que disput\u00e9 en Baleares. Por fin cerrar\u00e9 temporada 2015 compitiendo en casa&#8221; escrib\u00eda en su cuenta de Twitter. Enfrente tendr\u00e1 a rivales de entidad como Marcel Zamora, Giulio Molinari o Filip Ospaly, entre otros.<\/p>\n","protected":false},"excerpt":{"rendered":"<p>El balear Mario Mola debutar\u00e1, por fin, en media distancia. Ser\u00e1 en el Challenge Paguera, que se disputar\u00e1 en Mallorca el pr\u00f3ximo 17 de octubre.<\/p>\n","protected":false},"author":12,"featured_media":38585,"comment_status":"open","ping_status":"open","sticky":false,"template":"","format":"standard","meta":{"_acf_changed":false,"rank_math_lock_modified_date":false,"footnotes":""},"categories":[17,19,16,2033,1191],"tags":[],"class_list":{"0":"post-38584","1":"post","2":"type-post","3":"status-publish","4":"format-standard","5":"has-post-thumbnail","7":"category-actualidad","8":"category-competiciones","9":"category-en-red","10":"category-sport","11":"category-triatlon"},"acf":[],"_links":{"self":[{"href":"https:\/\/miurltemporal.com/main/triatletasenred.sport.es\/wp-json\/wp\/v2\/posts\/38584"}],"collection":[{"href":"https:\/\/miurltemporal.com/main/triatletasenred.sport.es\/wp-json\/wp\/v2\/posts"}],"about":[{"href":"https:\/\/miurltemporal.com/main/triatletasenred.sport.es\/wp-json\/wp\/v2\/types\/post"}],"author":[{"embeddable":true,"href":"https:\/\/miurltemporal.com/main/triatletasenred.sport.es\/wp-json\/wp\/v2\/users\/12"}],"replies":[{"embeddable":true,"href":"https:\/\/miurltemporal.com/main/triatletasenred.sport.es\/wp-json\/wp\/v2\/comments?post=38584"}],"version-history":[{"count":0,"href":"https:\/\/miurltemporal.com/main/triatletasenred.sport.es\/wp-json\/wp\/v2\/posts\/38584\/revisions"}],"wp:featuredmedia":[{"embeddable":true,"href":"https:\/\/miurltemporal.com/main/triatletasenred.sport.es\/wp-json\/wp\/v2\/media\/38585"}],"wp:attachment":[{"href":"https:\/\/miurltemporal.com/main/triatletasenred.sport.es\/wp-json\/wp\/v2\/media?parent=38584"}],"wp:term":[{"taxonomy":"category","embeddable":true,"href":"https:\/\/miurltemporal.com/main/triatletasenred.sport.es\/wp-json\/wp\/v2\/categories?post=38584"},{"taxonomy":"post_tag","embeddable":true,"href":"https:\/\/miurltemporal.com/main/triatletasenred.sport.es\/wp-json\/wp\/v2\/tags?post=38584"}],"curies":[{"name":"wp","href":"https:\/\/api.w.org\/{rel}","templated":true}]}}